{"id":2376,"date":"2021-11-22T01:06:32","date_gmt":"2021-11-22T07:06:32","guid":{"rendered":"https:\/\/fjkoloffon.com\/anotaciones\/?p=2376"},"modified":"2025-05-10T01:10:27","modified_gmt":"2025-05-10T07:10:27","slug":"deja-que-suceda-let-it-happen","status":"publish","type":"post","link":"https:\/\/fjkoloffon.com\/anotaciones\/deja-que-suceda-let-it-happen\/","title":{"rendered":"Deja que suceda (Let It Happen)"},"content":{"rendered":"<p><span style=\"font-weight: 400;\">Con frecuencia me pregunto si mi nombre podr\u00eda aparecer en la lista de los que m\u00e1s tiempo han perdido en el mundo. \u00bfCu\u00e1ntas horas de mi vida se me habr\u00e1n ido en conversaciones insulsas y reuniones con gente que en realidad no deseaba ver? \u00bfCu\u00e1ntos skypes y zooms inauditos? \u00bfCu\u00e1nto tiempo he literalmente tirado por el escusado mientras leo tuits, hilos y grescas de pol\u00edticos y otros indeseables, en lugar de sentarme en el escritorio a empezar mi novela?\u00a0<\/span><\/p>\n<p><img loading=\"lazy\" decoding=\"async\" class=\"alignnone size-medium wp-image-2377\" src=\"https:\/\/fjkoloffon.com\/anotaciones\/wp-content\/uploads\/2021\/11\/on-the-toilet-300x175.jpg\" alt=\"\" width=\"300\" height=\"175\" srcset=\"https:\/\/fjkoloffon.com\/anotaciones\/wp-content\/uploads\/2021\/11\/on-the-toilet-300x175.jpg 300w, https:\/\/fjkoloffon.com\/anotaciones\/wp-content\/uploads\/2021\/11\/on-the-toilet-1024x597.jpg 1024w, https:\/\/fjkoloffon.com\/anotaciones\/wp-content\/uploads\/2021\/11\/on-the-toilet-768x448.jpg 768w, https:\/\/fjkoloffon.com\/anotaciones\/wp-content\/uploads\/2021\/11\/on-the-toilet.jpg 1200w\" sizes=\"auto, (max-width: 300px) 100vw, 300px\" \/><\/p>\n<p><span style=\"font-weight: 400;\">\u201cPerdemos el tiempo lo mismo en discusiones bizantinas de trabajo, que con cafres a trav\u00e9s del cristal del coche, en la ventanilla del banco o en interminables peleas maritales en la ventana del <strong>WhatsAp<\/strong>p\u201d, as\u00ed comenc\u00e9 el recuento mental de los momentos desperdiciados durante mi salida a correr del domingo. Me tocaban dos horas de distancia, pero el s\u00e1bado llev\u00e9 a <strong>Regina<\/strong> mi hija al <strong>Corona Capital<\/strong> y, entre que nos la pasamos parados y los kil\u00f3metros que recorrimos de un escenario a otro, acab\u00e9 exhausto.<\/span><\/p>\n<p><img loading=\"lazy\" decoding=\"async\" class=\"alignnone wp-image-2378\" src=\"https:\/\/fjkoloffon.com\/anotaciones\/wp-content\/uploads\/2021\/11\/PHOTO-2021-11-22-19-39-31-169x300.jpg\" alt=\"\" width=\"269\" height=\"478\" srcset=\"https:\/\/fjkoloffon.com\/anotaciones\/wp-content\/uploads\/2021\/11\/PHOTO-2021-11-22-19-39-31-169x300.jpg 169w, https:\/\/fjkoloffon.com\/anotaciones\/wp-content\/uploads\/2021\/11\/PHOTO-2021-11-22-19-39-31-576x1024.jpg 576w, https:\/\/fjkoloffon.com\/anotaciones\/wp-content\/uploads\/2021\/11\/PHOTO-2021-11-22-19-39-31-768x1365.jpg 768w, https:\/\/fjkoloffon.com\/anotaciones\/wp-content\/uploads\/2021\/11\/PHOTO-2021-11-22-19-39-31-864x1536.jpg 864w, https:\/\/fjkoloffon.com\/anotaciones\/wp-content\/uploads\/2021\/11\/PHOTO-2021-11-22-19-39-31.jpg 900w\" sizes=\"auto, (max-width: 269px) 100vw, 269px\" \/><\/p>\n<p><span style=\"font-weight: 400;\">No ten\u00eda demasiadas ganas de ir al festival, pero la m\u00fasica me apasiona, y m\u00e1s si le emociona a mis hijos. Alguna vez quise ser m\u00fasico, tuve mi grupo (y represent\u00e9 tambi\u00e9n bandas) y compuse canciones que el programador de moda nunca hizo sonar en la radio. De pronto todav\u00eda me llegan melod\u00edas que enseguida tarareo en mi tel\u00e9fono y se las mando a un amigo que les da vida mediante los instrumentos que toca. Qu\u00e9 ganas me dieron de tocarlas en vivo luego de que vimos a <strong>Tame Impala<\/strong>. \u201c<em>Let It Happen, let it happen (it&#8217;s gonna feel so good). Just let it happen, let it happen<\/em>\u201d (Deja que suceda), fue la canci\u00f3n que m\u00e1s me movi\u00f3.<\/span><\/p>\n<div style=\"width: 758px;\" class=\"wp-video\"><video class=\"wp-video-shortcode\" id=\"video-2376-1\" width=\"758\" height=\"429\" preload=\"metadata\" controls=\"controls\"><source type=\"video\/mp4\" src=\"https:\/\/fjkoloffon.com\/anotaciones\/wp-content\/uploads\/2021\/11\/d2046a82-b06c-4e3b-b9e5-4d84de705c5e-2.mp4?_=1\" \/><a href=\"https:\/\/fjkoloffon.com\/anotaciones\/wp-content\/uploads\/2021\/11\/d2046a82-b06c-4e3b-b9e5-4d84de705c5e-2.mp4\">https:\/\/fjkoloffon.com\/anotaciones\/wp-content\/uploads\/2021\/11\/d2046a82-b06c-4e3b-b9e5-4d84de705c5e-2.mp4<\/a><\/video><\/div>\n<p><span style=\"font-weight: 400;\">\u201cSe nos va la vida en tonter\u00edas\u201d, continu\u00e9 para mis adentros ya cansado a medio entrenamiento. \u201cEn filas, en borracheras, en <strong>TikTok<\/strong>, en el sill\u00f3n de la tele. Incluso, quienes han tenido la fortuna de descubrir lo que verdaderamente aman, en trabajos que realmente no quieren\u201d.\u00a0<\/span><\/p>\n<p><span style=\"font-weight: 400;\">Si bien yo no vine a este mundo espec\u00edficamente a correr, cuando lo hago consigo casi siempre reconectar, reconciliarme y redescubrir aquello que me da sentido, lo que me hace sentir que aprovecho el tiempo y que no desperdicio mis d\u00edas, lo que vale la pena: la escritura, la m\u00fasica, el amor que se esconde tras las trincheras.\u00a0<\/span><\/p>\n<p><img loading=\"lazy\" decoding=\"async\" class=\"alignnone wp-image-2386\" src=\"https:\/\/fjkoloffon.com\/anotaciones\/wp-content\/uploads\/2021\/11\/d3245d6d-1a53-458c-826d-f2cdc850f5c2-225x300.jpg\" alt=\"\" width=\"425\" height=\"567\" srcset=\"https:\/\/fjkoloffon.com\/anotaciones\/wp-content\/uploads\/2021\/11\/d3245d6d-1a53-458c-826d-f2cdc850f5c2-225x300.jpg 225w, https:\/\/fjkoloffon.com\/anotaciones\/wp-content\/uploads\/2021\/11\/d3245d6d-1a53-458c-826d-f2cdc850f5c2-768x1024.jpg 768w, https:\/\/fjkoloffon.com\/anotaciones\/wp-content\/uploads\/2021\/11\/d3245d6d-1a53-458c-826d-f2cdc850f5c2-1152x1536.jpg 1152w, https:\/\/fjkoloffon.com\/anotaciones\/wp-content\/uploads\/2021\/11\/d3245d6d-1a53-458c-826d-f2cdc850f5c2.jpg 1200w\" sizes=\"auto, (max-width: 425px) 100vw, 425px\" \/><\/p>\n<p><span style=\"font-weight: 400;\">Conforme reflexionaba, al otro lado del mundo mis amigos de la banda espa\u00f1ola de rockpop, <strong>La Habitaci\u00f3n Roja<\/strong>, recib\u00edan un premio a su trayectoria. <strong>Jorge<\/strong>, el vocalista, apunt\u00f3 en su discurso (que subi\u00f3 a Instagram): \u201cLo mejor que uno puede hacer por los dem\u00e1s y por s\u00ed mismo es intentar dedicarse a su pasi\u00f3n\u201d.<\/span><\/p>\n<div style=\"width: 758px;\" class=\"wp-video\"><video class=\"wp-video-shortcode\" id=\"video-2376-2\" width=\"758\" height=\"429\" preload=\"metadata\" controls=\"controls\"><source type=\"video\/mp4\" src=\"https:\/\/fjkoloffon.com\/anotaciones\/wp-content\/uploads\/2021\/11\/45283005_866599394006806_5811662825187168754_n.mp4?_=2\" \/><a href=\"https:\/\/fjkoloffon.com\/anotaciones\/wp-content\/uploads\/2021\/11\/45283005_866599394006806_5811662825187168754_n.mp4\">https:\/\/fjkoloffon.com\/anotaciones\/wp-content\/uploads\/2021\/11\/45283005_866599394006806_5811662825187168754_n.mp4<\/a><\/video><\/div>\n<p>Es hora de ser \u00fatiles y anotar nuestros nombres en la lista de los que hicieron grandes cosas. Por nosotros, por nuestros hijos, por nuestros padres. Just let it happen.<\/p>\n<div style=\"width: 758px;\" class=\"wp-video\"><video class=\"wp-video-shortcode\" id=\"video-2376-3\" width=\"758\" height=\"429\" preload=\"metadata\" controls=\"controls\"><source type=\"video\/mp4\" src=\"https:\/\/fjkoloffon.com\/anotaciones\/wp-content\/uploads\/2021\/11\/29ed3254-5dd2-4a07-b8c3-da937f61d5f4.mp4?_=3\" \/><a href=\"https:\/\/fjkoloffon.com\/anotaciones\/wp-content\/uploads\/2021\/11\/29ed3254-5dd2-4a07-b8c3-da937f61d5f4.mp4\">https:\/\/fjkoloffon.com\/anotaciones\/wp-content\/uploads\/2021\/11\/29ed3254-5dd2-4a07-b8c3-da937f61d5f4.mp4<\/a><\/video><\/div>\n<p>Estoy en\u00a0<a href=\"https:\/\/www.facebook.com\/FJKoloffon\" target=\"_blank\" rel=\"noopener\">Facebook<\/a>,\u00a0<a href=\"https:\/\/www.instagram.com\/fjkoloffon\/\" target=\"_blank\" rel=\"noopener\">Instagram<\/a>\u00a0y\u00a0<a href=\"http:\/\/twitter.com\/FJKoloffon\" target=\"_blank\" rel=\"noopener\">Twitter<\/a>.\u00a0Y trabajo en\u00a0<a href=\"http:\/\/lanoveleria.com\/\" target=\"_blank\" rel=\"noopener\">La Noveler\u00eda<\/a>\u00a0y en\u00a0<a href=\"http:\/\/koloffoneureka.com\/\" target=\"_blank\" rel=\"noopener\">Koloffon Eureka<\/a>.<\/p>\n<p><a href=\"https:\/\/www.eluniversal.com.mx\/opinion\/fj-koloffon\/deja-que-suceda-let-it-happen\" target=\"_blank\" rel=\"noopener\">Columna publicada en\u00a0el peri\u00f3dico El\u00a0Universal<\/a>.<\/p>\n<p><img loading=\"lazy\" decoding=\"async\" class=\"alignnone wp-image-2380 size-large\" src=\"https:\/\/fjkoloffon.com\/anotaciones\/wp-content\/uploads\/2021\/11\/ElUniversal_DejaQueSucedaLetItHappen_231121-1024x675.jpg\" alt=\"\" width=\"758\" height=\"500\" srcset=\"https:\/\/fjkoloffon.com\/anotaciones\/wp-content\/uploads\/2021\/11\/ElUniversal_DejaQueSucedaLetItHappen_231121-1024x675.jpg 1024w, https:\/\/fjkoloffon.com\/anotaciones\/wp-content\/uploads\/2021\/11\/ElUniversal_DejaQueSucedaLetItHappen_231121-300x198.jpg 300w, https:\/\/fjkoloffon.com\/anotaciones\/wp-content\/uploads\/2021\/11\/ElUniversal_DejaQueSucedaLetItHappen_231121-768x506.jpg 768w, https:\/\/fjkoloffon.com\/anotaciones\/wp-content\/uploads\/2021\/11\/ElUniversal_DejaQueSucedaLetItHappen_231121-1536x1012.jpg 1536w, https:\/\/fjkoloffon.com\/anotaciones\/wp-content\/uploads\/2021\/11\/ElUniversal_DejaQueSucedaLetItHappen_231121.jpg 1894w\" sizes=\"auto, (max-width: 758px) 100vw, 758px\" \/><\/p>\n","protected":false},"excerpt":{"rendered":"<p>Con frecuencia me pregunto si mi nombre podr\u00eda aparecer en la lista de los que m\u00e1s tiempo han perdido en el mundo. \u00bfCu\u00e1ntas horas de&hellip;<\/p>\n","protected":false},"author":4,"featured_media":2387,"comment_status":"open","ping_status":"open","sticky":false,"template":"","format":"standard","meta":{"footnotes":""},"categories":[1],"tags":[1336,131,38,7,36,1337,1338,106,1335,334,1339],"class_list":["post-2376","post","type-post","status-publish","format-standard","has-post-thumbnail","hentry","category-anotaciones-de-un-astronauta-terrestre","tag-corona-capital","tag-corredores","tag-correr","tag-fj-koloffon","tag-koloffon","tag-let-it-happen","tag-pasion","tag-suenos","tag-tame-impala","tag-tiempo","tag-tonterias"],"yoast_head":"<!-- This site is optimized with the Yoast SEO Premium plugin v26.7 (Yoast SEO v26.9) - https:\/\/yoast.com\/product\/yoast-seo-premium-wordpress\/ -->\n<title>Deja que suceda (Let it Happen) | Por F.J. Koloffon<\/title>\n<meta name=\"description\" content=\"Con frecuencia me pregunto si mi nombre podr\u00eda aparecer en la lista de los que m\u00e1s tiempo han perdido en el mundo.\" \/>\n<meta name=\"robots\" content=\"index, follow, max-snippet:-1, max-image-preview:large, max-video-preview:-1\" \/>\n<link rel=\"canonical\" href=\"https:\/\/fjkoloffon.com\/anotaciones\/deja-que-suceda-let-it-happen\/\" \/>\n<meta property=\"og:locale\" content=\"es_ES\" \/>\n<meta property=\"og:type\" content=\"article\" \/>\n<meta property=\"og:title\" content=\"Deja que suceda (Let It Happen)\" \/>\n<meta property=\"og:description\" content=\"Con frecuencia me pregunto si mi nombre podr\u00eda aparecer en la lista de los que m\u00e1s tiempo han perdido en el mundo.\" \/>\n<meta property=\"og:url\" content=\"https:\/\/fjkoloffon.com\/anotaciones\/deja-que-suceda-let-it-happen\/\" \/>\n<meta property=\"og:site_name\" content=\"FJ KOLOFFON\" \/>\n<meta property=\"article:published_time\" content=\"2021-11-22T07:06:32+00:00\" \/>\n<meta property=\"article:modified_time\" content=\"2025-05-10T07:10:27+00:00\" \/>\n<meta property=\"og:image\" content=\"https:\/\/fjkoloffon.com\/anotaciones\/wp-content\/uploads\/2021\/11\/Captura-de-Pantalla-2021-11-29-a-las-1.09.59-e1638169860851.png\" \/>\n\t<meta property=\"og:image:width\" content=\"498\" \/>\n\t<meta property=\"og:image:height\" content=\"670\" \/>\n\t<meta property=\"og:image:type\" content=\"image\/png\" \/>\n<meta name=\"author\" content=\"FJ Koloffon\" \/>\n<meta name=\"twitter:card\" content=\"summary_large_image\" \/>\n<meta name=\"twitter:label1\" content=\"Escrito por\" \/>\n\t<meta name=\"twitter:data1\" content=\"FJ Koloffon\" \/>\n\t<meta name=\"twitter:label2\" content=\"Tiempo de lectura\" \/>\n\t<meta name=\"twitter:data2\" content=\"4 minutos\" \/>\n<script type=\"application\/ld+json\" class=\"yoast-schema-graph\">{\"@context\":\"https:\/\/schema.org\",\"@graph\":[{\"@type\":\"Article\",\"@id\":\"https:\/\/fjkoloffon.com\/anotaciones\/deja-que-suceda-let-it-happen\/#article\",\"isPartOf\":{\"@id\":\"https:\/\/fjkoloffon.com\/anotaciones\/deja-que-suceda-let-it-happen\/\"},\"author\":{\"name\":\"FJ Koloffon\",\"@id\":\"https:\/\/fjkoloffon.com\/anotaciones\/#\/schema\/person\/05a3249caf755c4976a5f7aea8d86742\"},\"headline\":\"Deja que suceda (Let It Happen)\",\"datePublished\":\"2021-11-22T07:06:32+00:00\",\"dateModified\":\"2025-05-10T07:10:27+00:00\",\"mainEntityOfPage\":{\"@id\":\"https:\/\/fjkoloffon.com\/anotaciones\/deja-que-suceda-let-it-happen\/\"},\"wordCount\":591,\"commentCount\":0,\"image\":{\"@id\":\"https:\/\/fjkoloffon.com\/anotaciones\/deja-que-suceda-let-it-happen\/#primaryimage\"},\"thumbnailUrl\":\"https:\/\/fjkoloffon.com\/anotaciones\/wp-content\/uploads\/2021\/11\/Captura-de-Pantalla-2021-11-29-a-las-1.09.59-e1638169860851.png\",\"keywords\":[\"Corona Capital\",\"corredores\",\"Correr\",\"FJ Koloffon\",\"Koloffon\",\"Let It Happen\",\"pasi\u00f3n\",\"sue\u00f1os\",\"Tame Impala\",\"tiempo\",\"tonter\u00edas\"],\"articleSection\":[\"Anotaciones de un astronauta terrestre\"],\"inLanguage\":\"es\",\"potentialAction\":[{\"@type\":\"CommentAction\",\"name\":\"Comment\",\"target\":[\"https:\/\/fjkoloffon.com\/anotaciones\/deja-que-suceda-let-it-happen\/#respond\"]}]},{\"@type\":\"WebPage\",\"@id\":\"https:\/\/fjkoloffon.com\/anotaciones\/deja-que-suceda-let-it-happen\/\",\"url\":\"https:\/\/fjkoloffon.com\/anotaciones\/deja-que-suceda-let-it-happen\/\",\"name\":\"Deja que suceda (Let it Happen) | Por F.J. Koloffon\",\"isPartOf\":{\"@id\":\"https:\/\/fjkoloffon.com\/anotaciones\/#website\"},\"primaryImageOfPage\":{\"@id\":\"https:\/\/fjkoloffon.com\/anotaciones\/deja-que-suceda-let-it-happen\/#primaryimage\"},\"image\":{\"@id\":\"https:\/\/fjkoloffon.com\/anotaciones\/deja-que-suceda-let-it-happen\/#primaryimage\"},\"thumbnailUrl\":\"https:\/\/fjkoloffon.com\/anotaciones\/wp-content\/uploads\/2021\/11\/Captura-de-Pantalla-2021-11-29-a-las-1.09.59-e1638169860851.png\",\"datePublished\":\"2021-11-22T07:06:32+00:00\",\"dateModified\":\"2025-05-10T07:10:27+00:00\",\"author\":{\"@id\":\"https:\/\/fjkoloffon.com\/anotaciones\/#\/schema\/person\/05a3249caf755c4976a5f7aea8d86742\"},\"description\":\"Con frecuencia me pregunto si mi nombre podr\u00eda aparecer en la lista de los que m\u00e1s tiempo han perdido en el mundo.\",\"breadcrumb\":{\"@id\":\"https:\/\/fjkoloffon.com\/anotaciones\/deja-que-suceda-let-it-happen\/#breadcrumb\"},\"inLanguage\":\"es\",\"potentialAction\":[{\"@type\":\"ReadAction\",\"target\":[\"https:\/\/fjkoloffon.com\/anotaciones\/deja-que-suceda-let-it-happen\/\"]}]},{\"@type\":\"ImageObject\",\"inLanguage\":\"es\",\"@id\":\"https:\/\/fjkoloffon.com\/anotaciones\/deja-que-suceda-let-it-happen\/#primaryimage\",\"url\":\"https:\/\/fjkoloffon.com\/anotaciones\/wp-content\/uploads\/2021\/11\/Captura-de-Pantalla-2021-11-29-a-las-1.09.59-e1638169860851.png\",\"contentUrl\":\"https:\/\/fjkoloffon.com\/anotaciones\/wp-content\/uploads\/2021\/11\/Captura-de-Pantalla-2021-11-29-a-las-1.09.59-e1638169860851.png\",\"width\":498,\"height\":670},{\"@type\":\"BreadcrumbList\",\"@id\":\"https:\/\/fjkoloffon.com\/anotaciones\/deja-que-suceda-let-it-happen\/#breadcrumb\",\"itemListElement\":[{\"@type\":\"ListItem\",\"position\":1,\"name\":\"Portada\",\"item\":\"https:\/\/fjkoloffon.com\/anotaciones\/\"},{\"@type\":\"ListItem\",\"position\":2,\"name\":\"Deja que suceda (Let It Happen)\"}]},{\"@type\":\"WebSite\",\"@id\":\"https:\/\/fjkoloffon.com\/anotaciones\/#website\",\"url\":\"https:\/\/fjkoloffon.com\/anotaciones\/\",\"name\":\"FJ KOLOFFON\",\"description\":\"ANOTACIONES DE UN ASTRONAUTA TERRESTRE\",\"potentialAction\":[{\"@type\":\"SearchAction\",\"target\":{\"@type\":\"EntryPoint\",\"urlTemplate\":\"https:\/\/fjkoloffon.com\/anotaciones\/?s={search_term_string}\"},\"query-input\":{\"@type\":\"PropertyValueSpecification\",\"valueRequired\":true,\"valueName\":\"search_term_string\"}}],\"inLanguage\":\"es\"},{\"@type\":\"Person\",\"@id\":\"https:\/\/fjkoloffon.com\/anotaciones\/#\/schema\/person\/05a3249caf755c4976a5f7aea8d86742\",\"name\":\"FJ Koloffon\",\"image\":{\"@type\":\"ImageObject\",\"inLanguage\":\"es\",\"@id\":\"https:\/\/fjkoloffon.com\/anotaciones\/#\/schema\/person\/image\/\",\"url\":\"https:\/\/fjkoloffon.com\/anotaciones\/wp-content\/uploads\/2019\/04\/fjkoloffon-bio-2-150x150.png\",\"contentUrl\":\"https:\/\/fjkoloffon.com\/anotaciones\/wp-content\/uploads\/2019\/04\/fjkoloffon-bio-2-150x150.png\",\"caption\":\"FJ Koloffon\"},\"sameAs\":[\"http:\/\/fjkoloffon.com\"]}]}<\/script>\n<!-- \/ Yoast SEO Premium plugin. -->","yoast_head_json":{"title":"Deja que suceda (Let it Happen) | Por F.J. Koloffon","description":"Con frecuencia me pregunto si mi nombre podr\u00eda aparecer en la lista de los que m\u00e1s tiempo han perdido en el mundo.","robots":{"index":"index","follow":"follow","max-snippet":"max-snippet:-1","max-image-preview":"max-image-preview:large","max-video-preview":"max-video-preview:-1"},"canonical":"https:\/\/fjkoloffon.com\/anotaciones\/deja-que-suceda-let-it-happen\/","og_locale":"es_ES","og_type":"article","og_title":"Deja que suceda (Let It Happen)","og_description":"Con frecuencia me pregunto si mi nombre podr\u00eda aparecer en la lista de los que m\u00e1s tiempo han perdido en el mundo.","og_url":"https:\/\/fjkoloffon.com\/anotaciones\/deja-que-suceda-let-it-happen\/","og_site_name":"FJ KOLOFFON","article_published_time":"2021-11-22T07:06:32+00:00","article_modified_time":"2025-05-10T07:10:27+00:00","og_image":[{"width":498,"height":670,"url":"https:\/\/fjkoloffon.com\/anotaciones\/wp-content\/uploads\/2021\/11\/Captura-de-Pantalla-2021-11-29-a-las-1.09.59-e1638169860851.png","type":"image\/png"}],"author":"FJ Koloffon","twitter_card":"summary_large_image","twitter_misc":{"Escrito por":"FJ Koloffon","Tiempo de lectura":"4 minutos"},"schema":{"@context":"https:\/\/schema.org","@graph":[{"@type":"Article","@id":"https:\/\/fjkoloffon.com\/anotaciones\/deja-que-suceda-let-it-happen\/#article","isPartOf":{"@id":"https:\/\/fjkoloffon.com\/anotaciones\/deja-que-suceda-let-it-happen\/"},"author":{"name":"FJ Koloffon","@id":"https:\/\/fjkoloffon.com\/anotaciones\/#\/schema\/person\/05a3249caf755c4976a5f7aea8d86742"},"headline":"Deja que suceda (Let It Happen)","datePublished":"2021-11-22T07:06:32+00:00","dateModified":"2025-05-10T07:10:27+00:00","mainEntityOfPage":{"@id":"https:\/\/fjkoloffon.com\/anotaciones\/deja-que-suceda-let-it-happen\/"},"wordCount":591,"commentCount":0,"image":{"@id":"https:\/\/fjkoloffon.com\/anotaciones\/deja-que-suceda-let-it-happen\/#primaryimage"},"thumbnailUrl":"https:\/\/fjkoloffon.com\/anotaciones\/wp-content\/uploads\/2021\/11\/Captura-de-Pantalla-2021-11-29-a-las-1.09.59-e1638169860851.png","keywords":["Corona Capital","corredores","Correr","FJ Koloffon","Koloffon","Let It Happen","pasi\u00f3n","sue\u00f1os","Tame Impala","tiempo","tonter\u00edas"],"articleSection":["Anotaciones de un astronauta terrestre"],"inLanguage":"es","potentialAction":[{"@type":"CommentAction","name":"Comment","target":["https:\/\/fjkoloffon.com\/anotaciones\/deja-que-suceda-let-it-happen\/#respond"]}]},{"@type":"WebPage","@id":"https:\/\/fjkoloffon.com\/anotaciones\/deja-que-suceda-let-it-happen\/","url":"https:\/\/fjkoloffon.com\/anotaciones\/deja-que-suceda-let-it-happen\/","name":"Deja que suceda (Let it Happen) | Por F.J. Koloffon","isPartOf":{"@id":"https:\/\/fjkoloffon.com\/anotaciones\/#website"},"primaryImageOfPage":{"@id":"https:\/\/fjkoloffon.com\/anotaciones\/deja-que-suceda-let-it-happen\/#primaryimage"},"image":{"@id":"https:\/\/fjkoloffon.com\/anotaciones\/deja-que-suceda-let-it-happen\/#primaryimage"},"thumbnailUrl":"https:\/\/fjkoloffon.com\/anotaciones\/wp-content\/uploads\/2021\/11\/Captura-de-Pantalla-2021-11-29-a-las-1.09.59-e1638169860851.png","datePublished":"2021-11-22T07:06:32+00:00","dateModified":"2025-05-10T07:10:27+00:00","author":{"@id":"https:\/\/fjkoloffon.com\/anotaciones\/#\/schema\/person\/05a3249caf755c4976a5f7aea8d86742"},"description":"Con frecuencia me pregunto si mi nombre podr\u00eda aparecer en la lista de los que m\u00e1s tiempo han perdido en el mundo.","breadcrumb":{"@id":"https:\/\/fjkoloffon.com\/anotaciones\/deja-que-suceda-let-it-happen\/#breadcrumb"},"inLanguage":"es","potentialAction":[{"@type":"ReadAction","target":["https:\/\/fjkoloffon.com\/anotaciones\/deja-que-suceda-let-it-happen\/"]}]},{"@type":"ImageObject","inLanguage":"es","@id":"https:\/\/fjkoloffon.com\/anotaciones\/deja-que-suceda-let-it-happen\/#primaryimage","url":"https:\/\/fjkoloffon.com\/anotaciones\/wp-content\/uploads\/2021\/11\/Captura-de-Pantalla-2021-11-29-a-las-1.09.59-e1638169860851.png","contentUrl":"https:\/\/fjkoloffon.com\/anotaciones\/wp-content\/uploads\/2021\/11\/Captura-de-Pantalla-2021-11-29-a-las-1.09.59-e1638169860851.png","width":498,"height":670},{"@type":"BreadcrumbList","@id":"https:\/\/fjkoloffon.com\/anotaciones\/deja-que-suceda-let-it-happen\/#breadcrumb","itemListElement":[{"@type":"ListItem","position":1,"name":"Portada","item":"https:\/\/fjkoloffon.com\/anotaciones\/"},{"@type":"ListItem","position":2,"name":"Deja que suceda (Let It Happen)"}]},{"@type":"WebSite","@id":"https:\/\/fjkoloffon.com\/anotaciones\/#website","url":"https:\/\/fjkoloffon.com\/anotaciones\/","name":"FJ KOLOFFON","description":"ANOTACIONES DE UN ASTRONAUTA TERRESTRE","potentialAction":[{"@type":"SearchAction","target":{"@type":"EntryPoint","urlTemplate":"https:\/\/fjkoloffon.com\/anotaciones\/?s={search_term_string}"},"query-input":{"@type":"PropertyValueSpecification","valueRequired":true,"valueName":"search_term_string"}}],"inLanguage":"es"},{"@type":"Person","@id":"https:\/\/fjkoloffon.com\/anotaciones\/#\/schema\/person\/05a3249caf755c4976a5f7aea8d86742","name":"FJ Koloffon","image":{"@type":"ImageObject","inLanguage":"es","@id":"https:\/\/fjkoloffon.com\/anotaciones\/#\/schema\/person\/image\/","url":"https:\/\/fjkoloffon.com\/anotaciones\/wp-content\/uploads\/2019\/04\/fjkoloffon-bio-2-150x150.png","contentUrl":"https:\/\/fjkoloffon.com\/anotaciones\/wp-content\/uploads\/2019\/04\/fjkoloffon-bio-2-150x150.png","caption":"FJ Koloffon"},"sameAs":["http:\/\/fjkoloffon.com"]}]}},"_links":{"self":[{"href":"https:\/\/fjkoloffon.com\/anotaciones\/wp-json\/wp\/v2\/posts\/2376","targetHints":{"allow":["GET"]}}],"collection":[{"href":"https:\/\/fjkoloffon.com\/anotaciones\/wp-json\/wp\/v2\/posts"}],"about":[{"href":"https:\/\/fjkoloffon.com\/anotaciones\/wp-json\/wp\/v2\/types\/post"}],"author":[{"embeddable":true,"href":"https:\/\/fjkoloffon.com\/anotaciones\/wp-json\/wp\/v2\/users\/4"}],"replies":[{"embeddable":true,"href":"https:\/\/fjkoloffon.com\/anotaciones\/wp-json\/wp\/v2\/comments?post=2376"}],"version-history":[{"count":15,"href":"https:\/\/fjkoloffon.com\/anotaciones\/wp-json\/wp\/v2\/posts\/2376\/revisions"}],"predecessor-version":[{"id":3571,"href":"https:\/\/fjkoloffon.com\/anotaciones\/wp-json\/wp\/v2\/posts\/2376\/revisions\/3571"}],"wp:featuredmedia":[{"embeddable":true,"href":"https:\/\/fjkoloffon.com\/anotaciones\/wp-json\/wp\/v2\/media\/2387"}],"wp:attachment":[{"href":"https:\/\/fjkoloffon.com\/anotaciones\/wp-json\/wp\/v2\/media?parent=2376"}],"wp:term":[{"taxonomy":"category","embeddable":true,"href":"https:\/\/fjkoloffon.com\/anotaciones\/wp-json\/wp\/v2\/categories?post=2376"},{"taxonomy":"post_tag","embeddable":true,"href":"https:\/\/fjkoloffon.com\/anotaciones\/wp-json\/wp\/v2\/tags?post=2376"}],"curies":[{"name":"wp","href":"https:\/\/api.w.org\/{rel}","templated":true}]}}