{"id":2356,"date":"2021-11-08T20:41:12","date_gmt":"2021-11-09T02:41:12","guid":{"rendered":"https:\/\/fjkoloffon.com\/anotaciones\/?p=2356"},"modified":"2025-05-10T01:11:12","modified_gmt":"2025-05-10T07:11:12","slug":"el-maraton-de-nueva-york-del-hombre-que-nadie-vio-correr-excepto-su-hija-por-f-j-koloffon","status":"publish","type":"post","link":"https:\/\/fjkoloffon.com\/anotaciones\/el-maraton-de-nueva-york-del-hombre-que-nadie-vio-correr-excepto-su-hija-por-f-j-koloffon\/","title":{"rendered":"El hombre al que nadie vio correr el marat\u00f3n de Nueva York; excepto su hija"},"content":{"rendered":"<p>Varias semanas despu\u00e9s de la tragedia, <strong><a href=\"https:\/\/www.instagram.com\/alelgs\/\" target=\"_blank\" rel=\"noopener\">Alejandra Lagos<\/a> <\/strong>despert\u00f3 de regreso en <strong>Nueva York<\/strong> \u2014donde vive desde hace a\u00f1os con su esposo y sus dos hijas\u2014 con su realidad absolutamente trastocada. Fue tal la conmoci\u00f3n, que no recuerda cu\u00e1nto tiempo permaneci\u00f3 en M\u00e9xico tras la muerte de su padre \u2014el 19 de noviembre de 2017\u2014, a manos de criminales, mientras rodaba en su adorada bicicleta rumbo a las <strong>Pir\u00e1mides de Teotihuac\u00e1n<\/strong>.<\/p>\n<p>\u201cSucedi\u00f3 lo inimaginable. Nos quitaron a mi pap\u00e1, y despu\u00e9s de todo lo que pasamos tuve que volver finalmente a casa, a mi \u2018vida normal\u2019. Despert\u00e9 el primer d\u00eda y vi un aut\u00e9ntico vac\u00edo oscuro. Estaba a punto de ser succionada, cuando escuch\u00e9 una voz adentro de m\u00ed que dec\u00eda: \u2018S\u00f3lo corre\u2019. As\u00ed que lo hice, me levant\u00e9 y corr\u00ed. Y lo hice todos los d\u00edas despu\u00e9s de eso. Correr me salv\u00f3\u201d, escribi\u00f3 Alejandra en su Facebook el domingo al amanecer, antes de emprender sus primeros 42.195 kil\u00f3metros en el <strong>Marat\u00f3n de Nueva York<\/strong>, mismo que dedic\u00f3 a su padre.<\/p>\n<figure id=\"attachment_2357\" aria-describedby=\"caption-attachment-2357\" style=\"width: 300px\" class=\"wp-caption alignnone\"><img loading=\"lazy\" decoding=\"async\" class=\"wp-image-2357 size-medium\" src=\"https:\/\/fjkoloffon.com\/anotaciones\/wp-content\/uploads\/2021\/11\/Ale-300x275.jpeg\" alt=\"\" width=\"300\" height=\"275\" srcset=\"https:\/\/fjkoloffon.com\/anotaciones\/wp-content\/uploads\/2021\/11\/Ale-300x275.jpeg 300w, https:\/\/fjkoloffon.com\/anotaciones\/wp-content\/uploads\/2021\/11\/Ale-768x703.jpeg 768w, https:\/\/fjkoloffon.com\/anotaciones\/wp-content\/uploads\/2021\/11\/Ale.jpeg 982w\" sizes=\"auto, (max-width: 300px) 100vw, 300px\" \/><figcaption id=\"caption-attachment-2357\" class=\"wp-caption-text\">Adolfo y Alejandra Lagos<\/figcaption><\/figure>\n<blockquote><p>\u00abEs algo que no pens\u00e9 que yo pod\u00eda hacer\u00bb, me confes\u00f3 en entrevista. \u00abYo no corr\u00eda, \u00e9l me motiv\u00f3 a correr mi primer medio marat\u00f3n y los siguientes. Cada que habl\u00e1bamos me insist\u00eda que yo pod\u00eda y me mandaba entrenamientos que buscaba en internet. Por eso, cuando me inscrib\u00ed al marat\u00f3n, estaba claro que iba por \u00e9l. Mi pap\u00e1 hizo que muchas personas hici\u00e9ramos cosas que no sab\u00edamos que pod\u00edamos hacer\u00bb.<\/p><\/blockquote>\n<p><strong>Adolfo Lagos Espinosa<\/strong> amaba el ciclismo como pocos, al grado que se encarg\u00f3 de importar a nuestro pa\u00eds la carrera del <strong>Gran Fondo de Nueva York<\/strong> (hoy <a href=\"https:\/\/www.instagram.com\/izzikardias\/\" target=\"_blank\" rel=\"noopener\"><strong>Gran Fondo Adolfo Lagos izzi Kardias<\/strong><\/a>, que a la fecha ha cubierto la cirug\u00eda de 143 ni\u00f1os con cardiopat\u00edas). Pero lo mismo motivaba a ciclistas que a corredores, a familiares que a colaboradores de trabajo. Incluso a desconocidos. A todo el mundo lo convenc\u00eda de montarse en una bicicleta o de ponerse unos tenis para participar en alguna competencia.<\/p>\n<p><img loading=\"lazy\" decoding=\"async\" class=\"alignnone size-medium wp-image-2359\" src=\"https:\/\/fjkoloffon.com\/anotaciones\/wp-content\/uploads\/2021\/11\/33398400_10156446261969592_3423363271653064704_n-232x300.jpg\" alt=\"\" width=\"232\" height=\"300\" \/><\/p>\n<p>Cuando lideraba en <strong>Espa\u00f1a<\/strong> a uno de los equipos m\u00e1s importantes y productivos de <strong>Banco Santander<\/strong> (pues adem\u00e1s de ser tambi\u00e9n compositor musical, destac\u00f3 en el gremio bancario internacional y se gan\u00f3 todas las confianzas de la familia <strong>Bot\u00edn<\/strong>), se le ocurri\u00f3 poner en pr\u00e1ctica un entrenamiento de grupo: subir en bicicleta el <strong>Tourmalet<\/strong>, el puerto de monta\u00f1a m\u00e1s famoso que se sube en el <strong>Tour de Francia<\/strong> y que supone un grand\u00edsimo reto para los ciclistas profesionales. Tres meses despu\u00e9s, los nueve directivos juntos conquistaron la cima en un verdadero ejemplo de trabajo en equipo y superaci\u00f3n que incluso les vali\u00f3 la portada de una connotada revista de ciclismo.<\/p>\n<figure id=\"attachment_2358\" aria-describedby=\"caption-attachment-2358\" style=\"width: 758px\" class=\"wp-caption alignnone\"><img loading=\"lazy\" decoding=\"async\" class=\"wp-image-2358 size-large\" src=\"https:\/\/fjkoloffon.com\/anotaciones\/wp-content\/uploads\/2021\/11\/Dzopl-DW0AA9nUE-768x1024.jpg\" alt=\"\" width=\"758\" height=\"1011\" srcset=\"https:\/\/fjkoloffon.com\/anotaciones\/wp-content\/uploads\/2021\/11\/Dzopl-DW0AA9nUE-768x1024.jpg 768w, https:\/\/fjkoloffon.com\/anotaciones\/wp-content\/uploads\/2021\/11\/Dzopl-DW0AA9nUE-225x300.jpg 225w, https:\/\/fjkoloffon.com\/anotaciones\/wp-content\/uploads\/2021\/11\/Dzopl-DW0AA9nUE-1152x1536.jpg 1152w, https:\/\/fjkoloffon.com\/anotaciones\/wp-content\/uploads\/2021\/11\/Dzopl-DW0AA9nUE.jpg 1536w\" sizes=\"auto, (max-width: 758px) 100vw, 758px\" \/><figcaption id=\"caption-attachment-2358\" class=\"wp-caption-text\">Revista de ciclismo destaca entrenamiento de Adolfo Lagos a directivos de Banco Santander<\/figcaption><\/figure>\n<p>\u00abMi pap\u00e1 sosten\u00eda que <em>cuando quieres lograr algo, lo \u00fanico que tienes que hacer es ponerte la meta; punto. Y ya que la pones, entonces sigues los pasos que ya existen para llegar. No es magia, parece, pero es m\u00e9todo<\/em>. Sin dudar te digo que este domingo mi pap\u00e1 corri\u00f3 Nueva York de principio a fin conmigo, siempre a mi lado, como aquellas veces que tuvimos la oportunidad de trotar o correr juntos. En los puntos de hidrataci\u00f3n le preguntaba desde ese mismo lugar donde casi cuatro a\u00f1os atr\u00e1s escuch\u00e9 aquella voz: \u201c\u00bfQu\u00e9 tomo ahorita, Gatorade o mejor agua?\u201d.<\/p>\n<figure id=\"attachment_2362\" aria-describedby=\"caption-attachment-2362\" style=\"width: 758px\" class=\"wp-caption alignnone\"><img loading=\"lazy\" decoding=\"async\" class=\"wp-image-2362 size-large\" src=\"https:\/\/fjkoloffon.com\/anotaciones\/wp-content\/uploads\/2021\/11\/253343887_445324663841174_860881308869318884_n-1024x683.jpg\" alt=\"\" width=\"758\" height=\"506\" srcset=\"https:\/\/fjkoloffon.com\/anotaciones\/wp-content\/uploads\/2021\/11\/253343887_445324663841174_860881308869318884_n-1024x683.jpg 1024w, https:\/\/fjkoloffon.com\/anotaciones\/wp-content\/uploads\/2021\/11\/253343887_445324663841174_860881308869318884_n-300x200.jpg 300w, https:\/\/fjkoloffon.com\/anotaciones\/wp-content\/uploads\/2021\/11\/253343887_445324663841174_860881308869318884_n-768x512.jpg 768w, https:\/\/fjkoloffon.com\/anotaciones\/wp-content\/uploads\/2021\/11\/253343887_445324663841174_860881308869318884_n-1536x1024.jpg 1536w, https:\/\/fjkoloffon.com\/anotaciones\/wp-content\/uploads\/2021\/11\/253343887_445324663841174_860881308869318884_n-2048x1366.jpg 2048w\" sizes=\"auto, (max-width: 758px) 100vw, 758px\" \/><figcaption id=\"caption-attachment-2362\" class=\"wp-caption-text\">Alejandra Lagos en la meta delNYC Marathon<\/figcaption><\/figure>\n<figure id=\"attachment_2360\" aria-describedby=\"caption-attachment-2360\" style=\"width: 199px\" class=\"wp-caption alignnone\"><img loading=\"lazy\" decoding=\"async\" class=\"size-medium wp-image-2360\" src=\"https:\/\/fjkoloffon.com\/anotaciones\/wp-content\/uploads\/2021\/11\/254416836_910379499886698_4158577832347380075_n-199x300.jpg\" alt=\"\" width=\"199\" height=\"300\" srcset=\"https:\/\/fjkoloffon.com\/anotaciones\/wp-content\/uploads\/2021\/11\/254416836_910379499886698_4158577832347380075_n-199x300.jpg 199w, https:\/\/fjkoloffon.com\/anotaciones\/wp-content\/uploads\/2021\/11\/254416836_910379499886698_4158577832347380075_n-680x1024.jpg 680w, https:\/\/fjkoloffon.com\/anotaciones\/wp-content\/uploads\/2021\/11\/254416836_910379499886698_4158577832347380075_n-768x1156.jpg 768w, https:\/\/fjkoloffon.com\/anotaciones\/wp-content\/uploads\/2021\/11\/254416836_910379499886698_4158577832347380075_n-1021x1536.jpg 1021w, https:\/\/fjkoloffon.com\/anotaciones\/wp-content\/uploads\/2021\/11\/254416836_910379499886698_4158577832347380075_n.jpg 1170w\" sizes=\"auto, (max-width: 199px) 100vw, 199px\" \/><figcaption id=\"caption-attachment-2360\" class=\"wp-caption-text\">Alejandra Lagos, su primer marat\u00f3n<\/figcaption><\/figure>\n<p>Estoy en\u00a0<a href=\"https:\/\/www.facebook.com\/FJKoloffon\" target=\"_blank\" rel=\"noopener\">Facebook<\/a>,\u00a0<a href=\"https:\/\/www.instagram.com\/fjkoloffon\/\" target=\"_blank\" rel=\"noopener\">Instagram<\/a>\u00a0y\u00a0<a href=\"http:\/\/twitter.com\/FJKoloffon\" target=\"_blank\" rel=\"noopener\">Twitter<\/a>.\u00a0Y trabajo en\u00a0<a href=\"http:\/\/lanoveleria.com\/\" target=\"_blank\" rel=\"noopener\">La Noveler\u00eda<\/a>\u00a0y en\u00a0<a href=\"http:\/\/koloffoneureka.com\/\" target=\"_blank\" rel=\"noopener\">Koloffon Eureka<\/a>.<\/p>\n<p><a href=\"https:\/\/www.eluniversal.com.mx\/opinion\/fj-koloffon\/el-maraton-de-nueva-york-del-hombre-que-nadie-vio-correr-excepto-su-hija\" target=\"_blank\" rel=\"noopener\">Columna publicada en el peri\u00f3dico El Universal<\/a>.<\/p>\n<figure id=\"attachment_2363\" aria-describedby=\"caption-attachment-2363\" style=\"width: 758px\" class=\"wp-caption alignnone\"><img loading=\"lazy\" decoding=\"async\" class=\"wp-image-2363 size-large\" src=\"https:\/\/fjkoloffon.com\/anotaciones\/wp-content\/uploads\/2021\/11\/ElUniversal_ElMaraton-DeNuevaYorkDelHombreQueNadieVioCorrer-1024x684.jpg\" alt=\"\" width=\"758\" height=\"506\" srcset=\"https:\/\/fjkoloffon.com\/anotaciones\/wp-content\/uploads\/2021\/11\/ElUniversal_ElMaraton-DeNuevaYorkDelHombreQueNadieVioCorrer-1024x684.jpg 1024w, https:\/\/fjkoloffon.com\/anotaciones\/wp-content\/uploads\/2021\/11\/ElUniversal_ElMaraton-DeNuevaYorkDelHombreQueNadieVioCorrer-300x200.jpg 300w, https:\/\/fjkoloffon.com\/anotaciones\/wp-content\/uploads\/2021\/11\/ElUniversal_ElMaraton-DeNuevaYorkDelHombreQueNadieVioCorrer-768x513.jpg 768w, https:\/\/fjkoloffon.com\/anotaciones\/wp-content\/uploads\/2021\/11\/ElUniversal_ElMaraton-DeNuevaYorkDelHombreQueNadieVioCorrer-1536x1026.jpg 1536w, https:\/\/fjkoloffon.com\/anotaciones\/wp-content\/uploads\/2021\/11\/ElUniversal_ElMaraton-DeNuevaYorkDelHombreQueNadieVioCorrer.jpg 1922w\" sizes=\"auto, (max-width: 758px) 100vw, 758px\" \/><figcaption id=\"caption-attachment-2363\" class=\"wp-caption-text\">El Marat\u00f3n de Nueva York del hombre que nadie vio correr<\/figcaption><\/figure>\n","protected":false},"excerpt":{"rendered":"<p>Varias semanas despu\u00e9s de la tragedia, Alejandra Lagos despert\u00f3 de regreso en Nueva York \u2014donde vive desde hace a\u00f1os con su esposo y sus dos&hellip;<\/p>\n","protected":false},"author":4,"featured_media":2359,"comment_status":"open","ping_status":"open","sticky":false,"template":"","format":"standard","meta":{"footnotes":""},"categories":[1],"tags":[1326,1328,1330,1331,9,1058,1059,131,7,535,1327,1329,315,531,536],"class_list":["post-2356","post","type-post","status-publish","format-standard","has-post-thumbnail","hentry","category-anotaciones-de-un-astronauta-terrestre","tag-adolfo-lagos","tag-alejandra-lagos","tag-ciclismo","tag-ciclistas","tag-corredor","tag-corredora","tag-corredoras","tag-corredores","tag-fj-koloffon","tag-historias","tag-izzi","tag-maraton-de-nueva-york","tag-maratones","tag-maratonistas","tag-textos"],"yoast_head":"<!-- This site is optimized with the Yoast SEO Premium plugin v26.7 (Yoast SEO v26.9) - https:\/\/yoast.com\/product\/yoast-seo-premium-wordpress\/ -->\n<title>El marat\u00f3n de Nueva York del hombre que nadie vio correr | Por: F.J. Koloffon<\/title>\n<meta name=\"description\" content=\"Cuando quieres lograr algo, lo \u00fanico que tienes que hacer es ponerte la meta; punto. Luego sigues los pasos que ya existen para llegar.\" \/>\n<meta name=\"robots\" content=\"index, follow, max-snippet:-1, max-image-preview:large, max-video-preview:-1\" \/>\n<link rel=\"canonical\" href=\"https:\/\/fjkoloffon.com\/anotaciones\/el-maraton-de-nueva-york-del-hombre-que-nadie-vio-correr-excepto-su-hija-por-f-j-koloffon\/\" \/>\n<meta property=\"og:locale\" content=\"es_ES\" \/>\n<meta property=\"og:type\" content=\"article\" \/>\n<meta property=\"og:title\" content=\"El hombre al que nadie vio correr el marat\u00f3n de Nueva York; excepto su hija\" \/>\n<meta property=\"og:description\" content=\"Cuando quieres lograr algo, lo \u00fanico que tienes que hacer es ponerte la meta; punto. Luego sigues los pasos que ya existen para llegar.\" \/>\n<meta property=\"og:url\" content=\"https:\/\/fjkoloffon.com\/anotaciones\/el-maraton-de-nueva-york-del-hombre-que-nadie-vio-correr-excepto-su-hija-por-f-j-koloffon\/\" \/>\n<meta property=\"og:site_name\" content=\"FJ KOLOFFON\" \/>\n<meta property=\"article:published_time\" content=\"2021-11-09T02:41:12+00:00\" \/>\n<meta property=\"article:modified_time\" content=\"2025-05-10T07:11:12+00:00\" \/>\n<meta property=\"og:image\" content=\"https:\/\/fjkoloffon.com\/anotaciones\/wp-content\/uploads\/2021\/11\/33398400_10156446261969592_3423363271653064704_n-e1637032499423.jpg\" \/>\n\t<meta property=\"og:image:width\" content=\"517\" \/>\n\t<meta property=\"og:image:height\" content=\"669\" \/>\n\t<meta property=\"og:image:type\" content=\"image\/jpeg\" \/>\n<meta name=\"author\" content=\"FJ Koloffon\" \/>\n<meta name=\"twitter:card\" content=\"summary_large_image\" \/>\n<meta name=\"twitter:label1\" content=\"Escrito por\" \/>\n\t<meta name=\"twitter:data1\" content=\"FJ Koloffon\" \/>\n\t<meta name=\"twitter:label2\" content=\"Tiempo de lectura\" \/>\n\t<meta name=\"twitter:data2\" content=\"4 minutos\" \/>\n<script type=\"application\/ld+json\" class=\"yoast-schema-graph\">{\"@context\":\"https:\/\/schema.org\",\"@graph\":[{\"@type\":\"Article\",\"@id\":\"https:\/\/fjkoloffon.com\/anotaciones\/el-maraton-de-nueva-york-del-hombre-que-nadie-vio-correr-excepto-su-hija-por-f-j-koloffon\/#article\",\"isPartOf\":{\"@id\":\"https:\/\/fjkoloffon.com\/anotaciones\/el-maraton-de-nueva-york-del-hombre-que-nadie-vio-correr-excepto-su-hija-por-f-j-koloffon\/\"},\"author\":{\"name\":\"FJ Koloffon\",\"@id\":\"https:\/\/fjkoloffon.com\/anotaciones\/#\/schema\/person\/05a3249caf755c4976a5f7aea8d86742\"},\"headline\":\"El hombre al que nadie vio correr el marat\u00f3n de Nueva York; excepto su hija\",\"datePublished\":\"2021-11-09T02:41:12+00:00\",\"dateModified\":\"2025-05-10T07:11:12+00:00\",\"mainEntityOfPage\":{\"@id\":\"https:\/\/fjkoloffon.com\/anotaciones\/el-maraton-de-nueva-york-del-hombre-que-nadie-vio-correr-excepto-su-hija-por-f-j-koloffon\/\"},\"wordCount\":698,\"commentCount\":0,\"image\":{\"@id\":\"https:\/\/fjkoloffon.com\/anotaciones\/el-maraton-de-nueva-york-del-hombre-que-nadie-vio-correr-excepto-su-hija-por-f-j-koloffon\/#primaryimage\"},\"thumbnailUrl\":\"https:\/\/fjkoloffon.com\/anotaciones\/wp-content\/uploads\/2021\/11\/33398400_10156446261969592_3423363271653064704_n-e1637032499423.jpg\",\"keywords\":[\"Adolfo Lagos\",\"Alejandra Lagos\",\"ciclismo\",\"ciclistas\",\"corredor\",\"corredora\",\"corredoras\",\"corredores\",\"FJ Koloffon\",\"historias\",\"izzi\",\"Maraton de Nueva York\",\"maratones\",\"maratonistas\",\"textos\"],\"articleSection\":[\"Anotaciones de un astronauta terrestre\"],\"inLanguage\":\"es\",\"potentialAction\":[{\"@type\":\"CommentAction\",\"name\":\"Comment\",\"target\":[\"https:\/\/fjkoloffon.com\/anotaciones\/el-maraton-de-nueva-york-del-hombre-que-nadie-vio-correr-excepto-su-hija-por-f-j-koloffon\/#respond\"]}]},{\"@type\":\"WebPage\",\"@id\":\"https:\/\/fjkoloffon.com\/anotaciones\/el-maraton-de-nueva-york-del-hombre-que-nadie-vio-correr-excepto-su-hija-por-f-j-koloffon\/\",\"url\":\"https:\/\/fjkoloffon.com\/anotaciones\/el-maraton-de-nueva-york-del-hombre-que-nadie-vio-correr-excepto-su-hija-por-f-j-koloffon\/\",\"name\":\"El marat\u00f3n de Nueva York del hombre que nadie vio correr | Por: F.J. Koloffon\",\"isPartOf\":{\"@id\":\"https:\/\/fjkoloffon.com\/anotaciones\/#website\"},\"primaryImageOfPage\":{\"@id\":\"https:\/\/fjkoloffon.com\/anotaciones\/el-maraton-de-nueva-york-del-hombre-que-nadie-vio-correr-excepto-su-hija-por-f-j-koloffon\/#primaryimage\"},\"image\":{\"@id\":\"https:\/\/fjkoloffon.com\/anotaciones\/el-maraton-de-nueva-york-del-hombre-que-nadie-vio-correr-excepto-su-hija-por-f-j-koloffon\/#primaryimage\"},\"thumbnailUrl\":\"https:\/\/fjkoloffon.com\/anotaciones\/wp-content\/uploads\/2021\/11\/33398400_10156446261969592_3423363271653064704_n-e1637032499423.jpg\",\"datePublished\":\"2021-11-09T02:41:12+00:00\",\"dateModified\":\"2025-05-10T07:11:12+00:00\",\"author\":{\"@id\":\"https:\/\/fjkoloffon.com\/anotaciones\/#\/schema\/person\/05a3249caf755c4976a5f7aea8d86742\"},\"description\":\"Cuando quieres lograr algo, lo \u00fanico que tienes que hacer es ponerte la meta; punto. Luego sigues los pasos que ya existen para llegar.\",\"breadcrumb\":{\"@id\":\"https:\/\/fjkoloffon.com\/anotaciones\/el-maraton-de-nueva-york-del-hombre-que-nadie-vio-correr-excepto-su-hija-por-f-j-koloffon\/#breadcrumb\"},\"inLanguage\":\"es\",\"potentialAction\":[{\"@type\":\"ReadAction\",\"target\":[\"https:\/\/fjkoloffon.com\/anotaciones\/el-maraton-de-nueva-york-del-hombre-que-nadie-vio-correr-excepto-su-hija-por-f-j-koloffon\/\"]}]},{\"@type\":\"ImageObject\",\"inLanguage\":\"es\",\"@id\":\"https:\/\/fjkoloffon.com\/anotaciones\/el-maraton-de-nueva-york-del-hombre-que-nadie-vio-correr-excepto-su-hija-por-f-j-koloffon\/#primaryimage\",\"url\":\"https:\/\/fjkoloffon.com\/anotaciones\/wp-content\/uploads\/2021\/11\/33398400_10156446261969592_3423363271653064704_n-e1637032499423.jpg\",\"contentUrl\":\"https:\/\/fjkoloffon.com\/anotaciones\/wp-content\/uploads\/2021\/11\/33398400_10156446261969592_3423363271653064704_n-e1637032499423.jpg\",\"width\":517,\"height\":669},{\"@type\":\"BreadcrumbList\",\"@id\":\"https:\/\/fjkoloffon.com\/anotaciones\/el-maraton-de-nueva-york-del-hombre-que-nadie-vio-correr-excepto-su-hija-por-f-j-koloffon\/#breadcrumb\",\"itemListElement\":[{\"@type\":\"ListItem\",\"position\":1,\"name\":\"Portada\",\"item\":\"https:\/\/fjkoloffon.com\/anotaciones\/\"},{\"@type\":\"ListItem\",\"position\":2,\"name\":\"El hombre al que nadie vio correr el marat\u00f3n de Nueva York; excepto su hija\"}]},{\"@type\":\"WebSite\",\"@id\":\"https:\/\/fjkoloffon.com\/anotaciones\/#website\",\"url\":\"https:\/\/fjkoloffon.com\/anotaciones\/\",\"name\":\"FJ KOLOFFON\",\"description\":\"ANOTACIONES DE UN ASTRONAUTA TERRESTRE\",\"potentialAction\":[{\"@type\":\"SearchAction\",\"target\":{\"@type\":\"EntryPoint\",\"urlTemplate\":\"https:\/\/fjkoloffon.com\/anotaciones\/?s={search_term_string}\"},\"query-input\":{\"@type\":\"PropertyValueSpecification\",\"valueRequired\":true,\"valueName\":\"search_term_string\"}}],\"inLanguage\":\"es\"},{\"@type\":\"Person\",\"@id\":\"https:\/\/fjkoloffon.com\/anotaciones\/#\/schema\/person\/05a3249caf755c4976a5f7aea8d86742\",\"name\":\"FJ Koloffon\",\"image\":{\"@type\":\"ImageObject\",\"inLanguage\":\"es\",\"@id\":\"https:\/\/fjkoloffon.com\/anotaciones\/#\/schema\/person\/image\/\",\"url\":\"https:\/\/fjkoloffon.com\/anotaciones\/wp-content\/uploads\/2019\/04\/fjkoloffon-bio-2-150x150.png\",\"contentUrl\":\"https:\/\/fjkoloffon.com\/anotaciones\/wp-content\/uploads\/2019\/04\/fjkoloffon-bio-2-150x150.png\",\"caption\":\"FJ Koloffon\"},\"sameAs\":[\"http:\/\/fjkoloffon.com\"]}]}<\/script>\n<!-- \/ Yoast SEO Premium plugin. -->","yoast_head_json":{"title":"El marat\u00f3n de Nueva York del hombre que nadie vio correr | Por: F.J. Koloffon","description":"Cuando quieres lograr algo, lo \u00fanico que tienes que hacer es ponerte la meta; punto. Luego sigues los pasos que ya existen para llegar.","robots":{"index":"index","follow":"follow","max-snippet":"max-snippet:-1","max-image-preview":"max-image-preview:large","max-video-preview":"max-video-preview:-1"},"canonical":"https:\/\/fjkoloffon.com\/anotaciones\/el-maraton-de-nueva-york-del-hombre-que-nadie-vio-correr-excepto-su-hija-por-f-j-koloffon\/","og_locale":"es_ES","og_type":"article","og_title":"El hombre al que nadie vio correr el marat\u00f3n de Nueva York; excepto su hija","og_description":"Cuando quieres lograr algo, lo \u00fanico que tienes que hacer es ponerte la meta; punto. Luego sigues los pasos que ya existen para llegar.","og_url":"https:\/\/fjkoloffon.com\/anotaciones\/el-maraton-de-nueva-york-del-hombre-que-nadie-vio-correr-excepto-su-hija-por-f-j-koloffon\/","og_site_name":"FJ KOLOFFON","article_published_time":"2021-11-09T02:41:12+00:00","article_modified_time":"2025-05-10T07:11:12+00:00","og_image":[{"width":517,"height":669,"url":"https:\/\/fjkoloffon.com\/anotaciones\/wp-content\/uploads\/2021\/11\/33398400_10156446261969592_3423363271653064704_n-e1637032499423.jpg","type":"image\/jpeg"}],"author":"FJ Koloffon","twitter_card":"summary_large_image","twitter_misc":{"Escrito por":"FJ Koloffon","Tiempo de lectura":"4 minutos"},"schema":{"@context":"https:\/\/schema.org","@graph":[{"@type":"Article","@id":"https:\/\/fjkoloffon.com\/anotaciones\/el-maraton-de-nueva-york-del-hombre-que-nadie-vio-correr-excepto-su-hija-por-f-j-koloffon\/#article","isPartOf":{"@id":"https:\/\/fjkoloffon.com\/anotaciones\/el-maraton-de-nueva-york-del-hombre-que-nadie-vio-correr-excepto-su-hija-por-f-j-koloffon\/"},"author":{"name":"FJ Koloffon","@id":"https:\/\/fjkoloffon.com\/anotaciones\/#\/schema\/person\/05a3249caf755c4976a5f7aea8d86742"},"headline":"El hombre al que nadie vio correr el marat\u00f3n de Nueva York; excepto su hija","datePublished":"2021-11-09T02:41:12+00:00","dateModified":"2025-05-10T07:11:12+00:00","mainEntityOfPage":{"@id":"https:\/\/fjkoloffon.com\/anotaciones\/el-maraton-de-nueva-york-del-hombre-que-nadie-vio-correr-excepto-su-hija-por-f-j-koloffon\/"},"wordCount":698,"commentCount":0,"image":{"@id":"https:\/\/fjkoloffon.com\/anotaciones\/el-maraton-de-nueva-york-del-hombre-que-nadie-vio-correr-excepto-su-hija-por-f-j-koloffon\/#primaryimage"},"thumbnailUrl":"https:\/\/fjkoloffon.com\/anotaciones\/wp-content\/uploads\/2021\/11\/33398400_10156446261969592_3423363271653064704_n-e1637032499423.jpg","keywords":["Adolfo Lagos","Alejandra Lagos","ciclismo","ciclistas","corredor","corredora","corredoras","corredores","FJ Koloffon","historias","izzi","Maraton de Nueva York","maratones","maratonistas","textos"],"articleSection":["Anotaciones de un astronauta terrestre"],"inLanguage":"es","potentialAction":[{"@type":"CommentAction","name":"Comment","target":["https:\/\/fjkoloffon.com\/anotaciones\/el-maraton-de-nueva-york-del-hombre-que-nadie-vio-correr-excepto-su-hija-por-f-j-koloffon\/#respond"]}]},{"@type":"WebPage","@id":"https:\/\/fjkoloffon.com\/anotaciones\/el-maraton-de-nueva-york-del-hombre-que-nadie-vio-correr-excepto-su-hija-por-f-j-koloffon\/","url":"https:\/\/fjkoloffon.com\/anotaciones\/el-maraton-de-nueva-york-del-hombre-que-nadie-vio-correr-excepto-su-hija-por-f-j-koloffon\/","name":"El marat\u00f3n de Nueva York del hombre que nadie vio correr | Por: F.J. Koloffon","isPartOf":{"@id":"https:\/\/fjkoloffon.com\/anotaciones\/#website"},"primaryImageOfPage":{"@id":"https:\/\/fjkoloffon.com\/anotaciones\/el-maraton-de-nueva-york-del-hombre-que-nadie-vio-correr-excepto-su-hija-por-f-j-koloffon\/#primaryimage"},"image":{"@id":"https:\/\/fjkoloffon.com\/anotaciones\/el-maraton-de-nueva-york-del-hombre-que-nadie-vio-correr-excepto-su-hija-por-f-j-koloffon\/#primaryimage"},"thumbnailUrl":"https:\/\/fjkoloffon.com\/anotaciones\/wp-content\/uploads\/2021\/11\/33398400_10156446261969592_3423363271653064704_n-e1637032499423.jpg","datePublished":"2021-11-09T02:41:12+00:00","dateModified":"2025-05-10T07:11:12+00:00","author":{"@id":"https:\/\/fjkoloffon.com\/anotaciones\/#\/schema\/person\/05a3249caf755c4976a5f7aea8d86742"},"description":"Cuando quieres lograr algo, lo \u00fanico que tienes que hacer es ponerte la meta; punto. Luego sigues los pasos que ya existen para llegar.","breadcrumb":{"@id":"https:\/\/fjkoloffon.com\/anotaciones\/el-maraton-de-nueva-york-del-hombre-que-nadie-vio-correr-excepto-su-hija-por-f-j-koloffon\/#breadcrumb"},"inLanguage":"es","potentialAction":[{"@type":"ReadAction","target":["https:\/\/fjkoloffon.com\/anotaciones\/el-maraton-de-nueva-york-del-hombre-que-nadie-vio-correr-excepto-su-hija-por-f-j-koloffon\/"]}]},{"@type":"ImageObject","inLanguage":"es","@id":"https:\/\/fjkoloffon.com\/anotaciones\/el-maraton-de-nueva-york-del-hombre-que-nadie-vio-correr-excepto-su-hija-por-f-j-koloffon\/#primaryimage","url":"https:\/\/fjkoloffon.com\/anotaciones\/wp-content\/uploads\/2021\/11\/33398400_10156446261969592_3423363271653064704_n-e1637032499423.jpg","contentUrl":"https:\/\/fjkoloffon.com\/anotaciones\/wp-content\/uploads\/2021\/11\/33398400_10156446261969592_3423363271653064704_n-e1637032499423.jpg","width":517,"height":669},{"@type":"BreadcrumbList","@id":"https:\/\/fjkoloffon.com\/anotaciones\/el-maraton-de-nueva-york-del-hombre-que-nadie-vio-correr-excepto-su-hija-por-f-j-koloffon\/#breadcrumb","itemListElement":[{"@type":"ListItem","position":1,"name":"Portada","item":"https:\/\/fjkoloffon.com\/anotaciones\/"},{"@type":"ListItem","position":2,"name":"El hombre al que nadie vio correr el marat\u00f3n de Nueva York; excepto su hija"}]},{"@type":"WebSite","@id":"https:\/\/fjkoloffon.com\/anotaciones\/#website","url":"https:\/\/fjkoloffon.com\/anotaciones\/","name":"FJ KOLOFFON","description":"ANOTACIONES DE UN ASTRONAUTA TERRESTRE","potentialAction":[{"@type":"SearchAction","target":{"@type":"EntryPoint","urlTemplate":"https:\/\/fjkoloffon.com\/anotaciones\/?s={search_term_string}"},"query-input":{"@type":"PropertyValueSpecification","valueRequired":true,"valueName":"search_term_string"}}],"inLanguage":"es"},{"@type":"Person","@id":"https:\/\/fjkoloffon.com\/anotaciones\/#\/schema\/person\/05a3249caf755c4976a5f7aea8d86742","name":"FJ Koloffon","image":{"@type":"ImageObject","inLanguage":"es","@id":"https:\/\/fjkoloffon.com\/anotaciones\/#\/schema\/person\/image\/","url":"https:\/\/fjkoloffon.com\/anotaciones\/wp-content\/uploads\/2019\/04\/fjkoloffon-bio-2-150x150.png","contentUrl":"https:\/\/fjkoloffon.com\/anotaciones\/wp-content\/uploads\/2019\/04\/fjkoloffon-bio-2-150x150.png","caption":"FJ Koloffon"},"sameAs":["http:\/\/fjkoloffon.com"]}]}},"_links":{"self":[{"href":"https:\/\/fjkoloffon.com\/anotaciones\/wp-json\/wp\/v2\/posts\/2356","targetHints":{"allow":["GET"]}}],"collection":[{"href":"https:\/\/fjkoloffon.com\/anotaciones\/wp-json\/wp\/v2\/posts"}],"about":[{"href":"https:\/\/fjkoloffon.com\/anotaciones\/wp-json\/wp\/v2\/types\/post"}],"author":[{"embeddable":true,"href":"https:\/\/fjkoloffon.com\/anotaciones\/wp-json\/wp\/v2\/users\/4"}],"replies":[{"embeddable":true,"href":"https:\/\/fjkoloffon.com\/anotaciones\/wp-json\/wp\/v2\/comments?post=2356"}],"version-history":[{"count":7,"href":"https:\/\/fjkoloffon.com\/anotaciones\/wp-json\/wp\/v2\/posts\/2356\/revisions"}],"predecessor-version":[{"id":3573,"href":"https:\/\/fjkoloffon.com\/anotaciones\/wp-json\/wp\/v2\/posts\/2356\/revisions\/3573"}],"wp:featuredmedia":[{"embeddable":true,"href":"https:\/\/fjkoloffon.com\/anotaciones\/wp-json\/wp\/v2\/media\/2359"}],"wp:attachment":[{"href":"https:\/\/fjkoloffon.com\/anotaciones\/wp-json\/wp\/v2\/media?parent=2356"}],"wp:term":[{"taxonomy":"category","embeddable":true,"href":"https:\/\/fjkoloffon.com\/anotaciones\/wp-json\/wp\/v2\/categories?post=2356"},{"taxonomy":"post_tag","embeddable":true,"href":"https:\/\/fjkoloffon.com\/anotaciones\/wp-json\/wp\/v2\/tags?post=2356"}],"curies":[{"name":"wp","href":"https:\/\/api.w.org\/{rel}","templated":true}]}}