{"id":2290,"date":"2021-08-30T23:57:23","date_gmt":"2021-08-31T04:57:23","guid":{"rendered":"https:\/\/fjkoloffon.com\/anotaciones\/?p=2290"},"modified":"2025-05-10T01:13:00","modified_gmt":"2025-05-10T07:13:00","slug":"ilusiones-opticas","status":"publish","type":"post","link":"https:\/\/fjkoloffon.com\/anotaciones\/ilusiones-opticas\/","title":{"rendered":"Ilusiones \u00f3pticas"},"content":{"rendered":"<p><span style=\"font-weight: 400;\">En un mundo donde hoy no tenemos la claridad de si avanzamos o retrocedemos, qui\u00e9n no ha visto a \u00faltimas fechas en sus redes sociales ese video del caballo que, seg\u00fan, unos ven caminar hacia adelante y, otros, atr\u00e1s.\u00a0\u00a0<\/span><\/p>\n<div style=\"width: 320px;\" class=\"wp-video\"><video class=\"wp-video-shortcode\" id=\"video-2290-1\" width=\"320\" height=\"288\" autoplay preload=\"metadata\" controls=\"controls\"><source type=\"video\/mp4\" src=\"https:\/\/fjkoloffon.com\/anotaciones\/wp-content\/uploads\/2021\/08\/Caballo.mp4?_=1\" \/><a href=\"https:\/\/fjkoloffon.com\/anotaciones\/wp-content\/uploads\/2021\/08\/Caballo.mp4\">https:\/\/fjkoloffon.com\/anotaciones\/wp-content\/uploads\/2021\/08\/Caballo.mp4<\/a><\/video><\/div>\n<p><span style=\"font-weight: 400;\">\u201c\u00bfEn qu\u00e9 direcci\u00f3n va el caballo? Si lo ves avanzando es probable que seas una persona de cerebro izquierdo (anal\u00edtica, l\u00f3gica y orientada a los hechos). Predomina, en cambio, el hemisferio derecho de tu cerebro si aprecias que retrocede (creativo, intuitivo, un pensador libre)\u201d, se explica en la publicaci\u00f3n de uno de tantos perfiles que han compartido el gif equino.<\/span><\/p>\n<p><span style=\"font-weight: 400;\">A m\u00ed me parece que retrocede, tal como he cre\u00eddo tambi\u00e9n ver pedalear en reversa al engre\u00eddo que se subi\u00f3 a la bicicleta fija, a un lado de la m\u00eda, en el club. Esta temporada de entrenamiento rumbo a mi marat\u00f3n, me ha supuesto muchos impactos y tuve que cambiar unos d\u00edas la pista y el asfalto por una bici estacionaria para aliviar una periostitis tibial (un dolor marca diablo en la espinilla).\u00a0<\/span><\/p>\n<p><img loading=\"lazy\" decoding=\"async\" class=\"alignnone size-medium wp-image-2292\" src=\"https:\/\/fjkoloffon.com\/anotaciones\/wp-content\/uploads\/2021\/08\/1975_schwinn_deluxe_exerciser-300x234.jpg\" alt=\"\" width=\"300\" height=\"234\" srcset=\"https:\/\/fjkoloffon.com\/anotaciones\/wp-content\/uploads\/2021\/08\/1975_schwinn_deluxe_exerciser-300x234.jpg 300w, https:\/\/fjkoloffon.com\/anotaciones\/wp-content\/uploads\/2021\/08\/1975_schwinn_deluxe_exerciser.jpg 625w\" sizes=\"auto, (max-width: 300px) 100vw, 300px\" \/><\/p>\n<p><span style=\"font-weight: 400;\">No me gustan, lo mismo que las caminadoras. Desde que me subo, aunque trato de imaginar que ruedo por el tr\u00f3pico o Suiza, ya quiero acabar. A qui\u00e9n puede gustarle subirse a un aparato de dos ruedas que no te lleva a ning\u00fan sitio. Estoy seguro que al tipo de junto tampoco, pues con su cara de pocos amigos no fue para devolverme el buenos d\u00edas. \u00abBonjour\u00bb todav\u00eda insist\u00ed, un poco ir\u00f3nico, por aquello de que van varios franceses y otros que se jactan de serlo.\u00a0<\/span><\/p>\n<p><span style=\"font-weight: 400;\">Pero ni se inmut\u00f3 y mejor se puso a pedalear sin voltearme a ver. No le prest\u00e9 atenci\u00f3n, pero luego de un rato cre\u00ed percibir que ya no pedaleaba hacia el frente, sino que ahora sus piernas aceleraban en reversa. Me cost\u00f3 trabajo dilucidarlo, bien pod\u00eda ir hacia adelante o atr\u00e1s, as\u00ed que disimuladamente me detuve a observarlo de reojo hasta que comprob\u00e9 que, al igual que el caballo que apenas el d\u00eda antes apareci\u00f3 en mi <strong>Twitter,<\/strong> <em>el monsieur<\/em> pedaleaba en sentido contrario.<\/span><\/p>\n<p><iframe loading=\"lazy\"  id=\"_ytid_82146\"  width=\"758\" height=\"426\"  data-origwidth=\"758\" data-origheight=\"426\" src=\"https:\/\/www.youtube.com\/embed\/RB-RcX5DS5A?enablejsapi=1&#038;autoplay=0&#038;cc_load_policy=0&#038;cc_lang_pref=&#038;iv_load_policy=1&#038;loop=0&#038;rel=1&#038;fs=1&#038;playsinline=0&#038;autohide=2&#038;theme=dark&#038;color=red&#038;controls=1&#038;disablekb=0&#038;\" class=\"__youtube_prefs__  epyt-is-override  no-lazyload\" title=\"YouTube player\"  allow=\"fullscreen; accelerometer; autoplay; clipboard-write; encrypted-media; gyroscope; picture-in-picture; web-share\" referrerpolicy=\"strict-origin-when-cross-origin\" allowfullscreen data-no-lazy=\"1\" data-skipgform_ajax_framebjll=\"\"><\/iframe><\/p>\n<p><span style=\"font-weight: 400;\">A veces resulta inexplicable c\u00f3mo algo que traes dando vueltas en tu cabeza, de pronto comienza a aparecer recurrente ante ti. Es un misterio que unos veamos unas cosas y otros otras. \u00bfPor qu\u00e9 unos avanzan y otros van en reversa? \u00bfC\u00f3mo es que hay quienes se esfuerzan y aparentemente no progresan? \u00bfQu\u00e9 es avanzar y qu\u00e9 retroceder?<\/span><\/p>\n<blockquote><p><span style=\"font-weight: 400;\">\u201cQuiz\u00e1 todo sea m\u00e1s bien una ilusi\u00f3n \u00f3ptica y s\u00f3lo el de la mirada es capaz de distinguir su rumbo\u201d, pens\u00e9 ayer mientras corr\u00eda \u2014ya un poco m\u00e1s recuperado de las piernas\u2014 en el nuevo y deslumbrante <strong>Parque Ecol\u00f3gico de Xochimilco<\/strong>, al tiempo que contemplaba a mi mujer a la distancia, sin alcanzar a distinguir si ven\u00eda en direcci\u00f3n a m\u00ed o si se alejaba.<\/span><\/p><\/blockquote>\n<div style=\"width: 758px;\" class=\"wp-video\"><video class=\"wp-video-shortcode\" id=\"video-2290-2\" width=\"758\" height=\"429\" autoplay preload=\"metadata\" controls=\"controls\"><source type=\"video\/mp4\" src=\"https:\/\/fjkoloffon.com\/anotaciones\/wp-content\/uploads\/2021\/08\/4120aa1c-f0be-4c7c-8555-6efec660d912.mp4?_=2\" \/><a href=\"https:\/\/fjkoloffon.com\/anotaciones\/wp-content\/uploads\/2021\/08\/4120aa1c-f0be-4c7c-8555-6efec660d912.mp4\">https:\/\/fjkoloffon.com\/anotaciones\/wp-content\/uploads\/2021\/08\/4120aa1c-f0be-4c7c-8555-6efec660d912.mp4<\/a><\/video><\/div>\n<p>&nbsp;<\/p>\n<p>Estoy en\u00a0<a href=\"https:\/\/twitter.com\/FJKoloffon\">Twitter<\/a>,\u00a0<a href=\"https:\/\/www.facebook.com\/FJKoloffon\/\">FB<\/a>\u00a0e\u00a0<a href=\"https:\/\/www.instagram.com\/fjkoloffon\/?hl=es-la\">IG<\/a>\u00a0como @FJKoloffon. Y trabajo en <a href=\"http:\/\/koloffoneureka.com\/\" target=\"_blank\" rel=\"noreferrer noopener\">Koloffon Eureka <\/a>y en <a href=\"http:\/\/lanoveleria.com\/\">La Noveler\u00eda.<\/a><\/p>\n<p><a href=\"https:\/\/www.eluniversal.com.mx\/opinion\/fj-koloffon\/ilusiones-opticas\" target=\"_blank\" rel=\"noopener\">Columna publicada en\u00a0el peri\u00f3dico El\u00a0Universal<\/a>.<\/p>\n","protected":false},"excerpt":{"rendered":"<p>En un mundo donde hoy no tenemos la claridad de si avanzamos o retrocedemos, qui\u00e9n no ha visto a \u00faltimas fechas en sus redes sociales&hellip;<\/p>\n","protected":false},"author":4,"featured_media":2292,"comment_status":"open","ping_status":"open","sticky":false,"template":"","format":"standard","meta":{"footnotes":""},"categories":[1],"tags":[1286,1287,9,1058,131,38,7,10,1284,1285,36,1282,1283],"class_list":["post-2290","post","type-post","status-publish","format-standard","has-post-thumbnail","hentry","category-anotaciones-de-un-astronauta-terrestre","tag-bicicleta-fija","tag-caminadora","tag-corredor","tag-corredora","tag-corredores","tag-correr","tag-fj-koloffon","tag-fjkoloffon","tag-ilusion-optica","tag-ilusiones-opticas","tag-koloffon","tag-parque-ecologico-xochimilco","tag-xochimilco"],"yoast_head":"<!-- This site is optimized with the Yoast SEO Premium plugin v26.7 (Yoast SEO v26.9) - https:\/\/yoast.com\/product\/yoast-seo-premium-wordpress\/ -->\n<title>Ilusiones \u00f3pticas | Por: F.J.Koloffon<\/title>\n<meta name=\"description\" content=\"\u00bfPor qu\u00e9 unos avanzan y otros van en reversa? \u00bfC\u00f3mo es que hay quienes se esfuerzan y no progresan? \u00bfQu\u00e9 es avanzar y qu\u00e9 retroceder?\" \/>\n<meta name=\"robots\" content=\"index, follow, max-snippet:-1, max-image-preview:large, max-video-preview:-1\" \/>\n<link rel=\"canonical\" href=\"https:\/\/fjkoloffon.com\/anotaciones\/ilusiones-opticas\/\" \/>\n<meta property=\"og:locale\" content=\"es_ES\" \/>\n<meta property=\"og:type\" content=\"article\" \/>\n<meta property=\"og:title\" content=\"Ilusiones \u00f3pticas\" \/>\n<meta property=\"og:description\" content=\"\u00bfPor qu\u00e9 unos avanzan y otros van en reversa? \u00bfC\u00f3mo es que hay quienes se esfuerzan y no progresan? \u00bfQu\u00e9 es avanzar y qu\u00e9 retroceder?\" \/>\n<meta property=\"og:url\" content=\"https:\/\/fjkoloffon.com\/anotaciones\/ilusiones-opticas\/\" \/>\n<meta property=\"og:site_name\" content=\"FJ KOLOFFON\" \/>\n<meta property=\"article:published_time\" content=\"2021-08-31T04:57:23+00:00\" \/>\n<meta property=\"article:modified_time\" content=\"2025-05-10T07:13:00+00:00\" \/>\n<meta property=\"og:image\" content=\"https:\/\/fjkoloffon.com\/anotaciones\/wp-content\/uploads\/2021\/08\/1975_schwinn_deluxe_exerciser.jpg\" \/>\n\t<meta property=\"og:image:width\" content=\"625\" \/>\n\t<meta property=\"og:image:height\" content=\"487\" \/>\n\t<meta property=\"og:image:type\" content=\"image\/jpeg\" \/>\n<meta name=\"author\" content=\"FJ Koloffon\" \/>\n<meta name=\"twitter:card\" content=\"summary_large_image\" \/>\n<meta name=\"twitter:label1\" content=\"Escrito por\" \/>\n\t<meta name=\"twitter:data1\" content=\"FJ Koloffon\" \/>\n\t<meta name=\"twitter:label2\" content=\"Tiempo de lectura\" \/>\n\t<meta name=\"twitter:data2\" content=\"3 minutos\" \/>\n<script type=\"application\/ld+json\" class=\"yoast-schema-graph\">{\"@context\":\"https:\/\/schema.org\",\"@graph\":[{\"@type\":\"Article\",\"@id\":\"https:\/\/fjkoloffon.com\/anotaciones\/ilusiones-opticas\/#article\",\"isPartOf\":{\"@id\":\"https:\/\/fjkoloffon.com\/anotaciones\/ilusiones-opticas\/\"},\"author\":{\"name\":\"FJ Koloffon\",\"@id\":\"https:\/\/fjkoloffon.com\/anotaciones\/#\/schema\/person\/05a3249caf755c4976a5f7aea8d86742\"},\"headline\":\"Ilusiones \u00f3pticas\",\"datePublished\":\"2021-08-31T04:57:23+00:00\",\"dateModified\":\"2025-05-10T07:13:00+00:00\",\"mainEntityOfPage\":{\"@id\":\"https:\/\/fjkoloffon.com\/anotaciones\/ilusiones-opticas\/\"},\"wordCount\":573,\"commentCount\":0,\"image\":{\"@id\":\"https:\/\/fjkoloffon.com\/anotaciones\/ilusiones-opticas\/#primaryimage\"},\"thumbnailUrl\":\"https:\/\/fjkoloffon.com\/anotaciones\/wp-content\/uploads\/2021\/08\/1975_schwinn_deluxe_exerciser.jpg\",\"keywords\":[\"bicicleta fija\",\"caminadora\",\"corredor\",\"corredora\",\"corredores\",\"Correr\",\"FJ Koloffon\",\"FJKoloffon\",\"ilusi\u00f3n \u00f3ptica\",\"ilusiones \u00f3pticas\",\"Koloffon\",\"Parque Ecol\u00f3gico Xochimilco\",\"Xochimilco\"],\"articleSection\":[\"Anotaciones de un astronauta terrestre\"],\"inLanguage\":\"es\",\"potentialAction\":[{\"@type\":\"CommentAction\",\"name\":\"Comment\",\"target\":[\"https:\/\/fjkoloffon.com\/anotaciones\/ilusiones-opticas\/#respond\"]}]},{\"@type\":\"WebPage\",\"@id\":\"https:\/\/fjkoloffon.com\/anotaciones\/ilusiones-opticas\/\",\"url\":\"https:\/\/fjkoloffon.com\/anotaciones\/ilusiones-opticas\/\",\"name\":\"Ilusiones \u00f3pticas | Por: F.J.Koloffon\",\"isPartOf\":{\"@id\":\"https:\/\/fjkoloffon.com\/anotaciones\/#website\"},\"primaryImageOfPage\":{\"@id\":\"https:\/\/fjkoloffon.com\/anotaciones\/ilusiones-opticas\/#primaryimage\"},\"image\":{\"@id\":\"https:\/\/fjkoloffon.com\/anotaciones\/ilusiones-opticas\/#primaryimage\"},\"thumbnailUrl\":\"https:\/\/fjkoloffon.com\/anotaciones\/wp-content\/uploads\/2021\/08\/1975_schwinn_deluxe_exerciser.jpg\",\"datePublished\":\"2021-08-31T04:57:23+00:00\",\"dateModified\":\"2025-05-10T07:13:00+00:00\",\"author\":{\"@id\":\"https:\/\/fjkoloffon.com\/anotaciones\/#\/schema\/person\/05a3249caf755c4976a5f7aea8d86742\"},\"description\":\"\u00bfPor qu\u00e9 unos avanzan y otros van en reversa? \u00bfC\u00f3mo es que hay quienes se esfuerzan y no progresan? \u00bfQu\u00e9 es avanzar y qu\u00e9 retroceder?\",\"breadcrumb\":{\"@id\":\"https:\/\/fjkoloffon.com\/anotaciones\/ilusiones-opticas\/#breadcrumb\"},\"inLanguage\":\"es\",\"potentialAction\":[{\"@type\":\"ReadAction\",\"target\":[\"https:\/\/fjkoloffon.com\/anotaciones\/ilusiones-opticas\/\"]}]},{\"@type\":\"ImageObject\",\"inLanguage\":\"es\",\"@id\":\"https:\/\/fjkoloffon.com\/anotaciones\/ilusiones-opticas\/#primaryimage\",\"url\":\"https:\/\/fjkoloffon.com\/anotaciones\/wp-content\/uploads\/2021\/08\/1975_schwinn_deluxe_exerciser.jpg\",\"contentUrl\":\"https:\/\/fjkoloffon.com\/anotaciones\/wp-content\/uploads\/2021\/08\/1975_schwinn_deluxe_exerciser.jpg\",\"width\":625,\"height\":487},{\"@type\":\"BreadcrumbList\",\"@id\":\"https:\/\/fjkoloffon.com\/anotaciones\/ilusiones-opticas\/#breadcrumb\",\"itemListElement\":[{\"@type\":\"ListItem\",\"position\":1,\"name\":\"Portada\",\"item\":\"https:\/\/fjkoloffon.com\/anotaciones\/\"},{\"@type\":\"ListItem\",\"position\":2,\"name\":\"Ilusiones \u00f3pticas\"}]},{\"@type\":\"WebSite\",\"@id\":\"https:\/\/fjkoloffon.com\/anotaciones\/#website\",\"url\":\"https:\/\/fjkoloffon.com\/anotaciones\/\",\"name\":\"FJ KOLOFFON\",\"description\":\"ANOTACIONES DE UN ASTRONAUTA TERRESTRE\",\"potentialAction\":[{\"@type\":\"SearchAction\",\"target\":{\"@type\":\"EntryPoint\",\"urlTemplate\":\"https:\/\/fjkoloffon.com\/anotaciones\/?s={search_term_string}\"},\"query-input\":{\"@type\":\"PropertyValueSpecification\",\"valueRequired\":true,\"valueName\":\"search_term_string\"}}],\"inLanguage\":\"es\"},{\"@type\":\"Person\",\"@id\":\"https:\/\/fjkoloffon.com\/anotaciones\/#\/schema\/person\/05a3249caf755c4976a5f7aea8d86742\",\"name\":\"FJ Koloffon\",\"image\":{\"@type\":\"ImageObject\",\"inLanguage\":\"es\",\"@id\":\"https:\/\/fjkoloffon.com\/anotaciones\/#\/schema\/person\/image\/\",\"url\":\"https:\/\/fjkoloffon.com\/anotaciones\/wp-content\/uploads\/2019\/04\/fjkoloffon-bio-2-150x150.png\",\"contentUrl\":\"https:\/\/fjkoloffon.com\/anotaciones\/wp-content\/uploads\/2019\/04\/fjkoloffon-bio-2-150x150.png\",\"caption\":\"FJ Koloffon\"},\"sameAs\":[\"http:\/\/fjkoloffon.com\"]}]}<\/script>\n<!-- \/ Yoast SEO Premium plugin. -->","yoast_head_json":{"title":"Ilusiones \u00f3pticas | Por: F.J.Koloffon","description":"\u00bfPor qu\u00e9 unos avanzan y otros van en reversa? \u00bfC\u00f3mo es que hay quienes se esfuerzan y no progresan? \u00bfQu\u00e9 es avanzar y qu\u00e9 retroceder?","robots":{"index":"index","follow":"follow","max-snippet":"max-snippet:-1","max-image-preview":"max-image-preview:large","max-video-preview":"max-video-preview:-1"},"canonical":"https:\/\/fjkoloffon.com\/anotaciones\/ilusiones-opticas\/","og_locale":"es_ES","og_type":"article","og_title":"Ilusiones \u00f3pticas","og_description":"\u00bfPor qu\u00e9 unos avanzan y otros van en reversa? \u00bfC\u00f3mo es que hay quienes se esfuerzan y no progresan? \u00bfQu\u00e9 es avanzar y qu\u00e9 retroceder?","og_url":"https:\/\/fjkoloffon.com\/anotaciones\/ilusiones-opticas\/","og_site_name":"FJ KOLOFFON","article_published_time":"2021-08-31T04:57:23+00:00","article_modified_time":"2025-05-10T07:13:00+00:00","og_image":[{"width":625,"height":487,"url":"https:\/\/fjkoloffon.com\/anotaciones\/wp-content\/uploads\/2021\/08\/1975_schwinn_deluxe_exerciser.jpg","type":"image\/jpeg"}],"author":"FJ Koloffon","twitter_card":"summary_large_image","twitter_misc":{"Escrito por":"FJ Koloffon","Tiempo de lectura":"3 minutos"},"schema":{"@context":"https:\/\/schema.org","@graph":[{"@type":"Article","@id":"https:\/\/fjkoloffon.com\/anotaciones\/ilusiones-opticas\/#article","isPartOf":{"@id":"https:\/\/fjkoloffon.com\/anotaciones\/ilusiones-opticas\/"},"author":{"name":"FJ Koloffon","@id":"https:\/\/fjkoloffon.com\/anotaciones\/#\/schema\/person\/05a3249caf755c4976a5f7aea8d86742"},"headline":"Ilusiones \u00f3pticas","datePublished":"2021-08-31T04:57:23+00:00","dateModified":"2025-05-10T07:13:00+00:00","mainEntityOfPage":{"@id":"https:\/\/fjkoloffon.com\/anotaciones\/ilusiones-opticas\/"},"wordCount":573,"commentCount":0,"image":{"@id":"https:\/\/fjkoloffon.com\/anotaciones\/ilusiones-opticas\/#primaryimage"},"thumbnailUrl":"https:\/\/fjkoloffon.com\/anotaciones\/wp-content\/uploads\/2021\/08\/1975_schwinn_deluxe_exerciser.jpg","keywords":["bicicleta fija","caminadora","corredor","corredora","corredores","Correr","FJ Koloffon","FJKoloffon","ilusi\u00f3n \u00f3ptica","ilusiones \u00f3pticas","Koloffon","Parque Ecol\u00f3gico Xochimilco","Xochimilco"],"articleSection":["Anotaciones de un astronauta terrestre"],"inLanguage":"es","potentialAction":[{"@type":"CommentAction","name":"Comment","target":["https:\/\/fjkoloffon.com\/anotaciones\/ilusiones-opticas\/#respond"]}]},{"@type":"WebPage","@id":"https:\/\/fjkoloffon.com\/anotaciones\/ilusiones-opticas\/","url":"https:\/\/fjkoloffon.com\/anotaciones\/ilusiones-opticas\/","name":"Ilusiones \u00f3pticas | Por: F.J.Koloffon","isPartOf":{"@id":"https:\/\/fjkoloffon.com\/anotaciones\/#website"},"primaryImageOfPage":{"@id":"https:\/\/fjkoloffon.com\/anotaciones\/ilusiones-opticas\/#primaryimage"},"image":{"@id":"https:\/\/fjkoloffon.com\/anotaciones\/ilusiones-opticas\/#primaryimage"},"thumbnailUrl":"https:\/\/fjkoloffon.com\/anotaciones\/wp-content\/uploads\/2021\/08\/1975_schwinn_deluxe_exerciser.jpg","datePublished":"2021-08-31T04:57:23+00:00","dateModified":"2025-05-10T07:13:00+00:00","author":{"@id":"https:\/\/fjkoloffon.com\/anotaciones\/#\/schema\/person\/05a3249caf755c4976a5f7aea8d86742"},"description":"\u00bfPor qu\u00e9 unos avanzan y otros van en reversa? \u00bfC\u00f3mo es que hay quienes se esfuerzan y no progresan? \u00bfQu\u00e9 es avanzar y qu\u00e9 retroceder?","breadcrumb":{"@id":"https:\/\/fjkoloffon.com\/anotaciones\/ilusiones-opticas\/#breadcrumb"},"inLanguage":"es","potentialAction":[{"@type":"ReadAction","target":["https:\/\/fjkoloffon.com\/anotaciones\/ilusiones-opticas\/"]}]},{"@type":"ImageObject","inLanguage":"es","@id":"https:\/\/fjkoloffon.com\/anotaciones\/ilusiones-opticas\/#primaryimage","url":"https:\/\/fjkoloffon.com\/anotaciones\/wp-content\/uploads\/2021\/08\/1975_schwinn_deluxe_exerciser.jpg","contentUrl":"https:\/\/fjkoloffon.com\/anotaciones\/wp-content\/uploads\/2021\/08\/1975_schwinn_deluxe_exerciser.jpg","width":625,"height":487},{"@type":"BreadcrumbList","@id":"https:\/\/fjkoloffon.com\/anotaciones\/ilusiones-opticas\/#breadcrumb","itemListElement":[{"@type":"ListItem","position":1,"name":"Portada","item":"https:\/\/fjkoloffon.com\/anotaciones\/"},{"@type":"ListItem","position":2,"name":"Ilusiones \u00f3pticas"}]},{"@type":"WebSite","@id":"https:\/\/fjkoloffon.com\/anotaciones\/#website","url":"https:\/\/fjkoloffon.com\/anotaciones\/","name":"FJ KOLOFFON","description":"ANOTACIONES DE UN ASTRONAUTA TERRESTRE","potentialAction":[{"@type":"SearchAction","target":{"@type":"EntryPoint","urlTemplate":"https:\/\/fjkoloffon.com\/anotaciones\/?s={search_term_string}"},"query-input":{"@type":"PropertyValueSpecification","valueRequired":true,"valueName":"search_term_string"}}],"inLanguage":"es"},{"@type":"Person","@id":"https:\/\/fjkoloffon.com\/anotaciones\/#\/schema\/person\/05a3249caf755c4976a5f7aea8d86742","name":"FJ Koloffon","image":{"@type":"ImageObject","inLanguage":"es","@id":"https:\/\/fjkoloffon.com\/anotaciones\/#\/schema\/person\/image\/","url":"https:\/\/fjkoloffon.com\/anotaciones\/wp-content\/uploads\/2019\/04\/fjkoloffon-bio-2-150x150.png","contentUrl":"https:\/\/fjkoloffon.com\/anotaciones\/wp-content\/uploads\/2019\/04\/fjkoloffon-bio-2-150x150.png","caption":"FJ Koloffon"},"sameAs":["http:\/\/fjkoloffon.com"]}]}},"_links":{"self":[{"href":"https:\/\/fjkoloffon.com\/anotaciones\/wp-json\/wp\/v2\/posts\/2290","targetHints":{"allow":["GET"]}}],"collection":[{"href":"https:\/\/fjkoloffon.com\/anotaciones\/wp-json\/wp\/v2\/posts"}],"about":[{"href":"https:\/\/fjkoloffon.com\/anotaciones\/wp-json\/wp\/v2\/types\/post"}],"author":[{"embeddable":true,"href":"https:\/\/fjkoloffon.com\/anotaciones\/wp-json\/wp\/v2\/users\/4"}],"replies":[{"embeddable":true,"href":"https:\/\/fjkoloffon.com\/anotaciones\/wp-json\/wp\/v2\/comments?post=2290"}],"version-history":[{"count":6,"href":"https:\/\/fjkoloffon.com\/anotaciones\/wp-json\/wp\/v2\/posts\/2290\/revisions"}],"predecessor-version":[{"id":3577,"href":"https:\/\/fjkoloffon.com\/anotaciones\/wp-json\/wp\/v2\/posts\/2290\/revisions\/3577"}],"wp:featuredmedia":[{"embeddable":true,"href":"https:\/\/fjkoloffon.com\/anotaciones\/wp-json\/wp\/v2\/media\/2292"}],"wp:attachment":[{"href":"https:\/\/fjkoloffon.com\/anotaciones\/wp-json\/wp\/v2\/media?parent=2290"}],"wp:term":[{"taxonomy":"category","embeddable":true,"href":"https:\/\/fjkoloffon.com\/anotaciones\/wp-json\/wp\/v2\/categories?post=2290"},{"taxonomy":"post_tag","embeddable":true,"href":"https:\/\/fjkoloffon.com\/anotaciones\/wp-json\/wp\/v2\/tags?post=2290"}],"curies":[{"name":"wp","href":"https:\/\/api.w.org\/{rel}","templated":true}]}}