{"id":2271,"date":"2021-08-23T22:44:21","date_gmt":"2021-08-24T03:44:21","guid":{"rendered":"https:\/\/fjkoloffon.com\/anotaciones\/?p=2271"},"modified":"2025-05-10T01:13:49","modified_gmt":"2025-05-10T07:13:49","slug":"correr-con-el-corazon-roto","status":"publish","type":"post","link":"https:\/\/fjkoloffon.com\/anotaciones\/correr-con-el-corazon-roto\/","title":{"rendered":"Correr con el coraz\u00f3n roto"},"content":{"rendered":"<p><span style=\"font-weight: 400;\">Hay gente a la que le gusta hacer preguntas est\u00fapidas. Y existe igual n\u00famero de personas que disfrutan responderlas. Yo soy lo suficientemente amargado para que no me entretenga ese pasatiempo. Huyo de las conversaciones est\u00fapidas, no por creerme inteligente, s\u00f3lo es que no dispongo del sentido del humor ni de la paciencia. Soy de evadir los malos chistes tanto como de evitar las risas fingidas.\u00a0<\/span><\/p>\n<p><span style=\"font-weight: 400;\">En <a href=\"https:\/\/www.facebook.com\/FJKoloffon\" target=\"_blank\" rel=\"noopener\">mi Facebook<\/a> tengo silenciado a cuanto individuo lanza preguntas absurdas en los distintos grupos de corredores a los que pertenezco. No tardan en expulsarme tras publicar este texto, pero da igual, qu\u00e9 m\u00e1s da un seguidor m\u00e1s o uno menos, un grupo, un comentario positivo, un insulto o una cr\u00edtica. \u00a1Bah!<\/span><\/p>\n<p><img loading=\"lazy\" decoding=\"async\" class=\"alignnone wp-image-2272 size-large\" src=\"https:\/\/fjkoloffon.com\/anotaciones\/wp-content\/uploads\/2021\/08\/IMG_6459-627x1024.jpg\" alt=\"\" width=\"627\" height=\"1024\" srcset=\"https:\/\/fjkoloffon.com\/anotaciones\/wp-content\/uploads\/2021\/08\/IMG_6459-627x1024.jpg 627w, https:\/\/fjkoloffon.com\/anotaciones\/wp-content\/uploads\/2021\/08\/IMG_6459-184x300.jpg 184w, https:\/\/fjkoloffon.com\/anotaciones\/wp-content\/uploads\/2021\/08\/IMG_6459-768x1254.jpg 768w, https:\/\/fjkoloffon.com\/anotaciones\/wp-content\/uploads\/2021\/08\/IMG_6459-941x1536.jpg 941w, https:\/\/fjkoloffon.com\/anotaciones\/wp-content\/uploads\/2021\/08\/IMG_6459-1255x2048.jpg 1255w, https:\/\/fjkoloffon.com\/anotaciones\/wp-content\/uploads\/2021\/08\/IMG_6459.jpg 1284w\" sizes=\"auto, (max-width: 627px) 100vw, 627px\" \/><\/p>\n<p><img loading=\"lazy\" decoding=\"async\" class=\"alignnone size-medium wp-image-2274\" src=\"https:\/\/fjkoloffon.com\/anotaciones\/wp-content\/uploads\/2021\/08\/IMG_6461-2-300x300.jpg\" alt=\"\" width=\"300\" height=\"300\" srcset=\"https:\/\/fjkoloffon.com\/anotaciones\/wp-content\/uploads\/2021\/08\/IMG_6461-2-300x300.jpg 300w, https:\/\/fjkoloffon.com\/anotaciones\/wp-content\/uploads\/2021\/08\/IMG_6461-2-150x150.jpg 150w, https:\/\/fjkoloffon.com\/anotaciones\/wp-content\/uploads\/2021\/08\/IMG_6461-2.jpg 554w\" sizes=\"auto, (max-width: 300px) 100vw, 300px\" \/><\/p>\n<p><span style=\"font-weight: 400;\">\u201c\u00bfCu\u00e1nto debo correr para bajar tres kilogramos de peso?\u201d, pregunt\u00f3 en uno de ellos un tipo al que me dieron ganas de contestarle \u201cCorre hasta que desaparezcas\u201d. As\u00ed le respondo a todos en mi cabeza, y quiz\u00e1 por ello me mantengo en esos grupos, para ejercitar la creatividad y construir di\u00e1logos sarc\u00e1sticos para mis historias. Aunque a lo mejor es por la misma raz\u00f3n que ellos, para que mis publicaciones se lean y compartan a pesar de ser tambi\u00e9n tonter\u00edas.\u00a0<\/span><\/p>\n<blockquote><p><span style=\"font-weight: 400;\">\u201c\u00bfSi quiero ser m\u00e1s r\u00e1pido en la pista, cu\u00e1ntas vueltas debo darle?\u201d. \u201c\u00bfQu\u00e9 necesito hacer para bajar de 3:30 en un marat\u00f3n?\u201d. \u201c\u00bfC\u00f3mo le hago para correr si nunca he corrido?\u201d, y mil preguntas por el estilo. \u201c\u00a1Pues corre, infeliz, corre y ya!\u201d, escribo en la casilla de respuesta y mejor lo borro. \u201cCompa\u00f1eros, si nos persigue en la calle un perro, \u00bfqu\u00e9 es m\u00e1s efectivo, espantarlo con la mano derecha o con la izquierda?\u201d&#8230;\u00a0<\/span><\/p><\/blockquote>\n<p><span style=\"font-weight: 400;\">Sin embargo, recientemente me top\u00e9 con una pregunta que no s\u00f3lo llam\u00f3 mi atenci\u00f3n por diferente, sino porque realmente me cuestion\u00e9 cu\u00e1l ser\u00eda la respuesta: <strong>\u201c\u00bfUstedes creen que es recomendable correr si se tiene el coraz\u00f3n roto?\u201d.\u00a0<\/strong><\/span><\/p>\n<p><img loading=\"lazy\" decoding=\"async\" class=\"alignnone wp-image-2273 size-full\" src=\"https:\/\/fjkoloffon.com\/anotaciones\/wp-content\/uploads\/2021\/08\/Captura-de-Pantalla-2021-08-23-a-las-22.28.27.png\" alt=\"\" width=\"754\" height=\"980\" srcset=\"https:\/\/fjkoloffon.com\/anotaciones\/wp-content\/uploads\/2021\/08\/Captura-de-Pantalla-2021-08-23-a-las-22.28.27.png 754w, https:\/\/fjkoloffon.com\/anotaciones\/wp-content\/uploads\/2021\/08\/Captura-de-Pantalla-2021-08-23-a-las-22.28.27-231x300.png 231w\" sizes=\"auto, (max-width: 754px) 100vw, 754px\" \/><\/p>\n<p><span style=\"font-weight: 400;\">De inmediato me remont\u00e9 a los momentos en los que he tenido el coraz\u00f3n roto \u2014que por fortuna no han sido muchos\u2014 y trat\u00e9 de recordar si me daban ganas de correr o en lo absoluto. Y creo no, con trabajos quer\u00eda pararme y sent\u00eda un hueco fr\u00edo en el est\u00f3mago por el que se me escapaban las fuerzas. Pero finalmente, un d\u00eda volv\u00ed a hacerlo, no tengo claro cu\u00e1nto despu\u00e9s, ni el instante, ni si tom\u00e9 la decisi\u00f3n o si un d\u00eda simplemente amanec\u00ed otra vez con ganas.\u00a0<\/span><\/p>\n<p><span style=\"font-weight: 400;\">\u201cMientras no tengas el pie roto, no hay problema\u201d, le contest\u00f3 otro ir\u00f3nico. \u201cCorre, campe\u00f3n, correr lo cura todo\u201d, escribi\u00f3 uno m\u00e1s emp\u00e1tico.\u00a0<\/span><\/p>\n<p><span style=\"font-weight: 400;\">\u00a1Corran, infelices, corran!<\/span><\/p>\n<p>Estoy en\u00a0<a href=\"https:\/\/twitter.com\/FJKoloffon\">Twitter<\/a>,\u00a0<a href=\"https:\/\/www.facebook.com\/FJKoloffon\/\">FB<\/a>\u00a0e\u00a0<a href=\"https:\/\/www.instagram.com\/fjkoloffon\/?hl=es-la\">IG<\/a>\u00a0como @FJKoloffon. Y trabajo en\u00a0<a href=\"http:\/\/lanoveleria.com\/\">La Noveler\u00eda<\/a>\u00a0y en\u00a0<a href=\"http:\/\/koloffoneureka.com\/\" target=\"_blank\" rel=\"noreferrer noopener\">Koloffon Eureka<\/a>.<\/p>\n<p><a href=\"https:\/\/www.eluniversal.com.mx\/opinion\/fj-koloffon\/correr-con-el-corazon-roto\" target=\"_blank\" rel=\"noopener\">Columna publicada en\u00a0el peri\u00f3dico El\u00a0Universal.<\/a><\/p>\n<p><img loading=\"lazy\" decoding=\"async\" class=\"alignnone wp-image-2278 size-large\" src=\"https:\/\/fjkoloffon.com\/anotaciones\/wp-content\/uploads\/2021\/08\/IMG_6464-1024x736.jpg\" alt=\"\" width=\"758\" height=\"545\" srcset=\"https:\/\/fjkoloffon.com\/anotaciones\/wp-content\/uploads\/2021\/08\/IMG_6464-1024x736.jpg 1024w, https:\/\/fjkoloffon.com\/anotaciones\/wp-content\/uploads\/2021\/08\/IMG_6464-300x216.jpg 300w, https:\/\/fjkoloffon.com\/anotaciones\/wp-content\/uploads\/2021\/08\/IMG_6464-768x552.jpg 768w, https:\/\/fjkoloffon.com\/anotaciones\/wp-content\/uploads\/2021\/08\/IMG_6464.jpg 1284w\" sizes=\"auto, (max-width: 758px) 100vw, 758px\" \/><\/p>\n<figure id=\"attachment_2281\" aria-describedby=\"caption-attachment-2281\" style=\"width: 200px\" class=\"wp-caption alignnone\"><img loading=\"lazy\" decoding=\"async\" class=\"size-medium wp-image-2281\" src=\"https:\/\/fjkoloffon.com\/anotaciones\/wp-content\/uploads\/2021\/08\/IMG_6462-200x300.jpg\" alt=\"\" width=\"200\" height=\"300\" srcset=\"https:\/\/fjkoloffon.com\/anotaciones\/wp-content\/uploads\/2021\/08\/IMG_6462-200x300.jpg 200w, https:\/\/fjkoloffon.com\/anotaciones\/wp-content\/uploads\/2021\/08\/IMG_6462-683x1024.jpg 683w, https:\/\/fjkoloffon.com\/anotaciones\/wp-content\/uploads\/2021\/08\/IMG_6462-768x1151.jpg 768w, https:\/\/fjkoloffon.com\/anotaciones\/wp-content\/uploads\/2021\/08\/IMG_6462-1025x1536.jpg 1025w, https:\/\/fjkoloffon.com\/anotaciones\/wp-content\/uploads\/2021\/08\/IMG_6462.jpg 1284w\" sizes=\"auto, (max-width: 200px) 100vw, 200px\" \/><figcaption id=\"caption-attachment-2281\" class=\"wp-caption-text\">\u00bfTe cae?<\/figcaption><\/figure>\n","protected":false},"excerpt":{"rendered":"<p>Hay gente a la que le gusta hacer preguntas est\u00fapidas. Y existe igual n\u00famero de personas que disfrutan responderlas. Yo soy lo suficientemente amargado para&hellip;<\/p>\n","protected":false},"author":4,"featured_media":2275,"comment_status":"open","ping_status":"open","sticky":false,"template":"","format":"standard","meta":{"footnotes":""},"categories":[1],"tags":[1269,131,38,1268,7,1271,1270,1267,374,536],"class_list":["post-2271","post","type-post","status-publish","format-standard","has-post-thumbnail","hentry","category-anotaciones-de-un-astronauta-terrestre","tag-corazon-roto","tag-corredores","tag-correr","tag-estupideces","tag-fj-koloffon","tag-fuerzas-para-correr","tag-ganas-de-correr","tag-grupos-de-corredores","tag-koloffon-fjkoloffon","tag-textos"],"yoast_head":"<!-- This site is optimized with the Yoast SEO Premium plugin v26.7 (Yoast SEO v26.9) - https:\/\/yoast.com\/product\/yoast-seo-premium-wordpress\/ -->\n<title>Correr con el coraz\u00f3n roto | Por F.J. Koloffon<\/title>\n<meta name=\"description\" content=\"Cuando he tenido el coraz\u00f3n roto no me han dado ganas de correr. Con trabajos puedo pararme y por ese hueco fr\u00edo se me escapaban las fuerzas.\" \/>\n<meta name=\"robots\" content=\"index, follow, max-snippet:-1, max-image-preview:large, max-video-preview:-1\" \/>\n<link rel=\"canonical\" href=\"https:\/\/fjkoloffon.com\/anotaciones\/correr-con-el-corazon-roto\/\" \/>\n<meta property=\"og:locale\" content=\"es_ES\" \/>\n<meta property=\"og:type\" content=\"article\" \/>\n<meta property=\"og:title\" content=\"Correr con el coraz\u00f3n roto\" \/>\n<meta property=\"og:description\" content=\"Cuando he tenido el coraz\u00f3n roto no me han dado ganas de correr. Con trabajos puedo pararme y por ese hueco fr\u00edo se me escapaban las fuerzas.\" \/>\n<meta property=\"og:url\" content=\"https:\/\/fjkoloffon.com\/anotaciones\/correr-con-el-corazon-roto\/\" \/>\n<meta property=\"og:site_name\" content=\"FJ KOLOFFON\" \/>\n<meta property=\"article:published_time\" content=\"2021-08-24T03:44:21+00:00\" \/>\n<meta property=\"article:modified_time\" content=\"2025-05-10T07:13:49+00:00\" \/>\n<meta property=\"og:image\" content=\"https:\/\/fjkoloffon.com\/anotaciones\/wp-content\/uploads\/2021\/08\/Captura-de-Pantalla-2021-08-23-a-las-21.45.51-e1629776524454.png\" \/>\n\t<meta property=\"og:image:width\" content=\"580\" \/>\n\t<meta property=\"og:image:height\" content=\"618\" \/>\n\t<meta property=\"og:image:type\" content=\"image\/png\" \/>\n<meta name=\"author\" content=\"FJ Koloffon\" \/>\n<meta name=\"twitter:card\" content=\"summary_large_image\" \/>\n<meta name=\"twitter:label1\" content=\"Escrito por\" \/>\n\t<meta name=\"twitter:data1\" content=\"FJ Koloffon\" \/>\n\t<meta name=\"twitter:label2\" content=\"Tiempo de lectura\" \/>\n\t<meta name=\"twitter:data2\" content=\"3 minutos\" \/>\n<script type=\"application\/ld+json\" class=\"yoast-schema-graph\">{\"@context\":\"https:\/\/schema.org\",\"@graph\":[{\"@type\":\"Article\",\"@id\":\"https:\/\/fjkoloffon.com\/anotaciones\/correr-con-el-corazon-roto\/#article\",\"isPartOf\":{\"@id\":\"https:\/\/fjkoloffon.com\/anotaciones\/correr-con-el-corazon-roto\/\"},\"author\":{\"name\":\"FJ Koloffon\",\"@id\":\"https:\/\/fjkoloffon.com\/anotaciones\/#\/schema\/person\/05a3249caf755c4976a5f7aea8d86742\"},\"headline\":\"Correr con el coraz\u00f3n roto\",\"datePublished\":\"2021-08-24T03:44:21+00:00\",\"dateModified\":\"2025-05-10T07:13:49+00:00\",\"mainEntityOfPage\":{\"@id\":\"https:\/\/fjkoloffon.com\/anotaciones\/correr-con-el-corazon-roto\/\"},\"wordCount\":504,\"commentCount\":0,\"image\":{\"@id\":\"https:\/\/fjkoloffon.com\/anotaciones\/correr-con-el-corazon-roto\/#primaryimage\"},\"thumbnailUrl\":\"https:\/\/fjkoloffon.com\/anotaciones\/wp-content\/uploads\/2021\/08\/Captura-de-Pantalla-2021-08-23-a-las-21.45.51-e1629776524454.png\",\"keywords\":[\"coraz\u00f3n roto\",\"corredores\",\"Correr\",\"estupideces\",\"FJ Koloffon\",\"fuerzas para correr\",\"ganas de correr\",\"grupos de corredores\",\"koloffon fjkoloffon\",\"textos\"],\"articleSection\":[\"Anotaciones de un astronauta terrestre\"],\"inLanguage\":\"es\",\"potentialAction\":[{\"@type\":\"CommentAction\",\"name\":\"Comment\",\"target\":[\"https:\/\/fjkoloffon.com\/anotaciones\/correr-con-el-corazon-roto\/#respond\"]}]},{\"@type\":\"WebPage\",\"@id\":\"https:\/\/fjkoloffon.com\/anotaciones\/correr-con-el-corazon-roto\/\",\"url\":\"https:\/\/fjkoloffon.com\/anotaciones\/correr-con-el-corazon-roto\/\",\"name\":\"Correr con el coraz\u00f3n roto | Por F.J. Koloffon\",\"isPartOf\":{\"@id\":\"https:\/\/fjkoloffon.com\/anotaciones\/#website\"},\"primaryImageOfPage\":{\"@id\":\"https:\/\/fjkoloffon.com\/anotaciones\/correr-con-el-corazon-roto\/#primaryimage\"},\"image\":{\"@id\":\"https:\/\/fjkoloffon.com\/anotaciones\/correr-con-el-corazon-roto\/#primaryimage\"},\"thumbnailUrl\":\"https:\/\/fjkoloffon.com\/anotaciones\/wp-content\/uploads\/2021\/08\/Captura-de-Pantalla-2021-08-23-a-las-21.45.51-e1629776524454.png\",\"datePublished\":\"2021-08-24T03:44:21+00:00\",\"dateModified\":\"2025-05-10T07:13:49+00:00\",\"author\":{\"@id\":\"https:\/\/fjkoloffon.com\/anotaciones\/#\/schema\/person\/05a3249caf755c4976a5f7aea8d86742\"},\"description\":\"Cuando he tenido el coraz\u00f3n roto no me han dado ganas de correr. Con trabajos puedo pararme y por ese hueco fr\u00edo se me escapaban las fuerzas.\",\"breadcrumb\":{\"@id\":\"https:\/\/fjkoloffon.com\/anotaciones\/correr-con-el-corazon-roto\/#breadcrumb\"},\"inLanguage\":\"es\",\"potentialAction\":[{\"@type\":\"ReadAction\",\"target\":[\"https:\/\/fjkoloffon.com\/anotaciones\/correr-con-el-corazon-roto\/\"]}]},{\"@type\":\"ImageObject\",\"inLanguage\":\"es\",\"@id\":\"https:\/\/fjkoloffon.com\/anotaciones\/correr-con-el-corazon-roto\/#primaryimage\",\"url\":\"https:\/\/fjkoloffon.com\/anotaciones\/wp-content\/uploads\/2021\/08\/Captura-de-Pantalla-2021-08-23-a-las-21.45.51-e1629776524454.png\",\"contentUrl\":\"https:\/\/fjkoloffon.com\/anotaciones\/wp-content\/uploads\/2021\/08\/Captura-de-Pantalla-2021-08-23-a-las-21.45.51-e1629776524454.png\",\"width\":580,\"height\":618},{\"@type\":\"BreadcrumbList\",\"@id\":\"https:\/\/fjkoloffon.com\/anotaciones\/correr-con-el-corazon-roto\/#breadcrumb\",\"itemListElement\":[{\"@type\":\"ListItem\",\"position\":1,\"name\":\"Portada\",\"item\":\"https:\/\/fjkoloffon.com\/anotaciones\/\"},{\"@type\":\"ListItem\",\"position\":2,\"name\":\"Correr con el coraz\u00f3n roto\"}]},{\"@type\":\"WebSite\",\"@id\":\"https:\/\/fjkoloffon.com\/anotaciones\/#website\",\"url\":\"https:\/\/fjkoloffon.com\/anotaciones\/\",\"name\":\"FJ KOLOFFON\",\"description\":\"ANOTACIONES DE UN ASTRONAUTA TERRESTRE\",\"potentialAction\":[{\"@type\":\"SearchAction\",\"target\":{\"@type\":\"EntryPoint\",\"urlTemplate\":\"https:\/\/fjkoloffon.com\/anotaciones\/?s={search_term_string}\"},\"query-input\":{\"@type\":\"PropertyValueSpecification\",\"valueRequired\":true,\"valueName\":\"search_term_string\"}}],\"inLanguage\":\"es\"},{\"@type\":\"Person\",\"@id\":\"https:\/\/fjkoloffon.com\/anotaciones\/#\/schema\/person\/05a3249caf755c4976a5f7aea8d86742\",\"name\":\"FJ Koloffon\",\"image\":{\"@type\":\"ImageObject\",\"inLanguage\":\"es\",\"@id\":\"https:\/\/fjkoloffon.com\/anotaciones\/#\/schema\/person\/image\/\",\"url\":\"https:\/\/fjkoloffon.com\/anotaciones\/wp-content\/uploads\/2019\/04\/fjkoloffon-bio-2-150x150.png\",\"contentUrl\":\"https:\/\/fjkoloffon.com\/anotaciones\/wp-content\/uploads\/2019\/04\/fjkoloffon-bio-2-150x150.png\",\"caption\":\"FJ Koloffon\"},\"sameAs\":[\"http:\/\/fjkoloffon.com\"]}]}<\/script>\n<!-- \/ Yoast SEO Premium plugin. -->","yoast_head_json":{"title":"Correr con el coraz\u00f3n roto | Por F.J. Koloffon","description":"Cuando he tenido el coraz\u00f3n roto no me han dado ganas de correr. Con trabajos puedo pararme y por ese hueco fr\u00edo se me escapaban las fuerzas.","robots":{"index":"index","follow":"follow","max-snippet":"max-snippet:-1","max-image-preview":"max-image-preview:large","max-video-preview":"max-video-preview:-1"},"canonical":"https:\/\/fjkoloffon.com\/anotaciones\/correr-con-el-corazon-roto\/","og_locale":"es_ES","og_type":"article","og_title":"Correr con el coraz\u00f3n roto","og_description":"Cuando he tenido el coraz\u00f3n roto no me han dado ganas de correr. Con trabajos puedo pararme y por ese hueco fr\u00edo se me escapaban las fuerzas.","og_url":"https:\/\/fjkoloffon.com\/anotaciones\/correr-con-el-corazon-roto\/","og_site_name":"FJ KOLOFFON","article_published_time":"2021-08-24T03:44:21+00:00","article_modified_time":"2025-05-10T07:13:49+00:00","og_image":[{"width":580,"height":618,"url":"https:\/\/fjkoloffon.com\/anotaciones\/wp-content\/uploads\/2021\/08\/Captura-de-Pantalla-2021-08-23-a-las-21.45.51-e1629776524454.png","type":"image\/png"}],"author":"FJ Koloffon","twitter_card":"summary_large_image","twitter_misc":{"Escrito por":"FJ Koloffon","Tiempo de lectura":"3 minutos"},"schema":{"@context":"https:\/\/schema.org","@graph":[{"@type":"Article","@id":"https:\/\/fjkoloffon.com\/anotaciones\/correr-con-el-corazon-roto\/#article","isPartOf":{"@id":"https:\/\/fjkoloffon.com\/anotaciones\/correr-con-el-corazon-roto\/"},"author":{"name":"FJ Koloffon","@id":"https:\/\/fjkoloffon.com\/anotaciones\/#\/schema\/person\/05a3249caf755c4976a5f7aea8d86742"},"headline":"Correr con el coraz\u00f3n roto","datePublished":"2021-08-24T03:44:21+00:00","dateModified":"2025-05-10T07:13:49+00:00","mainEntityOfPage":{"@id":"https:\/\/fjkoloffon.com\/anotaciones\/correr-con-el-corazon-roto\/"},"wordCount":504,"commentCount":0,"image":{"@id":"https:\/\/fjkoloffon.com\/anotaciones\/correr-con-el-corazon-roto\/#primaryimage"},"thumbnailUrl":"https:\/\/fjkoloffon.com\/anotaciones\/wp-content\/uploads\/2021\/08\/Captura-de-Pantalla-2021-08-23-a-las-21.45.51-e1629776524454.png","keywords":["coraz\u00f3n roto","corredores","Correr","estupideces","FJ Koloffon","fuerzas para correr","ganas de correr","grupos de corredores","koloffon fjkoloffon","textos"],"articleSection":["Anotaciones de un astronauta terrestre"],"inLanguage":"es","potentialAction":[{"@type":"CommentAction","name":"Comment","target":["https:\/\/fjkoloffon.com\/anotaciones\/correr-con-el-corazon-roto\/#respond"]}]},{"@type":"WebPage","@id":"https:\/\/fjkoloffon.com\/anotaciones\/correr-con-el-corazon-roto\/","url":"https:\/\/fjkoloffon.com\/anotaciones\/correr-con-el-corazon-roto\/","name":"Correr con el coraz\u00f3n roto | Por F.J. Koloffon","isPartOf":{"@id":"https:\/\/fjkoloffon.com\/anotaciones\/#website"},"primaryImageOfPage":{"@id":"https:\/\/fjkoloffon.com\/anotaciones\/correr-con-el-corazon-roto\/#primaryimage"},"image":{"@id":"https:\/\/fjkoloffon.com\/anotaciones\/correr-con-el-corazon-roto\/#primaryimage"},"thumbnailUrl":"https:\/\/fjkoloffon.com\/anotaciones\/wp-content\/uploads\/2021\/08\/Captura-de-Pantalla-2021-08-23-a-las-21.45.51-e1629776524454.png","datePublished":"2021-08-24T03:44:21+00:00","dateModified":"2025-05-10T07:13:49+00:00","author":{"@id":"https:\/\/fjkoloffon.com\/anotaciones\/#\/schema\/person\/05a3249caf755c4976a5f7aea8d86742"},"description":"Cuando he tenido el coraz\u00f3n roto no me han dado ganas de correr. Con trabajos puedo pararme y por ese hueco fr\u00edo se me escapaban las fuerzas.","breadcrumb":{"@id":"https:\/\/fjkoloffon.com\/anotaciones\/correr-con-el-corazon-roto\/#breadcrumb"},"inLanguage":"es","potentialAction":[{"@type":"ReadAction","target":["https:\/\/fjkoloffon.com\/anotaciones\/correr-con-el-corazon-roto\/"]}]},{"@type":"ImageObject","inLanguage":"es","@id":"https:\/\/fjkoloffon.com\/anotaciones\/correr-con-el-corazon-roto\/#primaryimage","url":"https:\/\/fjkoloffon.com\/anotaciones\/wp-content\/uploads\/2021\/08\/Captura-de-Pantalla-2021-08-23-a-las-21.45.51-e1629776524454.png","contentUrl":"https:\/\/fjkoloffon.com\/anotaciones\/wp-content\/uploads\/2021\/08\/Captura-de-Pantalla-2021-08-23-a-las-21.45.51-e1629776524454.png","width":580,"height":618},{"@type":"BreadcrumbList","@id":"https:\/\/fjkoloffon.com\/anotaciones\/correr-con-el-corazon-roto\/#breadcrumb","itemListElement":[{"@type":"ListItem","position":1,"name":"Portada","item":"https:\/\/fjkoloffon.com\/anotaciones\/"},{"@type":"ListItem","position":2,"name":"Correr con el coraz\u00f3n roto"}]},{"@type":"WebSite","@id":"https:\/\/fjkoloffon.com\/anotaciones\/#website","url":"https:\/\/fjkoloffon.com\/anotaciones\/","name":"FJ KOLOFFON","description":"ANOTACIONES DE UN ASTRONAUTA TERRESTRE","potentialAction":[{"@type":"SearchAction","target":{"@type":"EntryPoint","urlTemplate":"https:\/\/fjkoloffon.com\/anotaciones\/?s={search_term_string}"},"query-input":{"@type":"PropertyValueSpecification","valueRequired":true,"valueName":"search_term_string"}}],"inLanguage":"es"},{"@type":"Person","@id":"https:\/\/fjkoloffon.com\/anotaciones\/#\/schema\/person\/05a3249caf755c4976a5f7aea8d86742","name":"FJ Koloffon","image":{"@type":"ImageObject","inLanguage":"es","@id":"https:\/\/fjkoloffon.com\/anotaciones\/#\/schema\/person\/image\/","url":"https:\/\/fjkoloffon.com\/anotaciones\/wp-content\/uploads\/2019\/04\/fjkoloffon-bio-2-150x150.png","contentUrl":"https:\/\/fjkoloffon.com\/anotaciones\/wp-content\/uploads\/2019\/04\/fjkoloffon-bio-2-150x150.png","caption":"FJ Koloffon"},"sameAs":["http:\/\/fjkoloffon.com"]}]}},"_links":{"self":[{"href":"https:\/\/fjkoloffon.com\/anotaciones\/wp-json\/wp\/v2\/posts\/2271","targetHints":{"allow":["GET"]}}],"collection":[{"href":"https:\/\/fjkoloffon.com\/anotaciones\/wp-json\/wp\/v2\/posts"}],"about":[{"href":"https:\/\/fjkoloffon.com\/anotaciones\/wp-json\/wp\/v2\/types\/post"}],"author":[{"embeddable":true,"href":"https:\/\/fjkoloffon.com\/anotaciones\/wp-json\/wp\/v2\/users\/4"}],"replies":[{"embeddable":true,"href":"https:\/\/fjkoloffon.com\/anotaciones\/wp-json\/wp\/v2\/comments?post=2271"}],"version-history":[{"count":5,"href":"https:\/\/fjkoloffon.com\/anotaciones\/wp-json\/wp\/v2\/posts\/2271\/revisions"}],"predecessor-version":[{"id":3578,"href":"https:\/\/fjkoloffon.com\/anotaciones\/wp-json\/wp\/v2\/posts\/2271\/revisions\/3578"}],"wp:featuredmedia":[{"embeddable":true,"href":"https:\/\/fjkoloffon.com\/anotaciones\/wp-json\/wp\/v2\/media\/2275"}],"wp:attachment":[{"href":"https:\/\/fjkoloffon.com\/anotaciones\/wp-json\/wp\/v2\/media?parent=2271"}],"wp:term":[{"taxonomy":"category","embeddable":true,"href":"https:\/\/fjkoloffon.com\/anotaciones\/wp-json\/wp\/v2\/categories?post=2271"},{"taxonomy":"post_tag","embeddable":true,"href":"https:\/\/fjkoloffon.com\/anotaciones\/wp-json\/wp\/v2\/tags?post=2271"}],"curies":[{"name":"wp","href":"https:\/\/api.w.org\/{rel}","templated":true}]}}