{"id":2215,"date":"2021-06-14T01:20:00","date_gmt":"2021-06-14T06:20:00","guid":{"rendered":"https:\/\/fjkoloffon.com\/anotaciones\/?p=2215"},"modified":"2025-05-10T00:40:16","modified_gmt":"2025-05-10T06:40:16","slug":"la-muerte-subita-de-christian-eriksen","status":"publish","type":"post","link":"https:\/\/fjkoloffon.com\/anotaciones\/la-muerte-subita-de-christian-eriksen\/","title":{"rendered":"La muerte s\u00fabita de Christian Eriksen (o \u00ab\u00bfC\u00f3mo le gustar\u00eda a usted morirse?\u201d)"},"content":{"rendered":"\r\n<p>Hace algunos a\u00f1os, cuando me cuestionaba c\u00f3mo me gustar\u00eda morir, ten\u00eda claro que de forma repentina, s\u00fabitamente, sin ning\u00fan sufrimiento. Morir as\u00ed, sin previo aviso, implica perder la vida en un accidente, o en la noche a medio sue\u00f1o, de viejo. Un infarto, una bala, un resbal\u00f3n fat\u00eddico; hay distintas maneras.<\/p>\r\n\r\n\r\n\r\n<p>En repetidas ocasiones me vi cayendo en un avi\u00f3n mientras dorm\u00eda, o despe\u00f1\u00e1ndome por un barranco. Nunca mor\u00eda, siempre sobreviv\u00eda, o resucitaba\u2026\u00a0<\/p>\r\n<p><iframe loading=\"lazy\" title=\"Fearless (1993) - Plane Crash scene [1080]\" width=\"758\" height=\"426\" src=\"https:\/\/www.youtube.com\/embed\/MQsybvRBy2Q?feature=oembed\" frameborder=\"0\" allow=\"accelerometer; autoplay; clipboard-write; encrypted-media; gyroscope; picture-in-picture; web-share\" referrerpolicy=\"strict-origin-when-cross-origin\" allowfullscreen><\/iframe><\/p>\r\n\r\n\r\n\r\n<p>El s\u00e1bado pasado, a los 43 minutos del encuentro entre <strong>Dinamarca<\/strong> y <strong>Finlandia<\/strong> en la ronda de grupos de la <strong>Eurocopa<\/strong>, <a href=\"https:\/\/www.instagram.com\/p\/CQIbbREAXo5\/\" target=\"_blank\" rel=\"noreferrer noopener\">Christian Eriksen<\/a> se dispon\u00eda a recibir un saque de banda cuando comenz\u00f3 a perder el equilibrio hasta desvanecerse. El mediocampista dan\u00e9s del <strong>Inter de Mil\u00e1n<\/strong>, quien todav\u00eda trat\u00f3 de hacer por el bal\u00f3n, se precipit\u00f3 al c\u00e9sped y qued\u00f3 boca abajo, con el rostro de lado y los ojos abiertos. Estaba muerto.<\/p>\r\n\r\n\r\n\r\n<p><a href=\"https:\/\/twitter.com\/simonkjaer1989\" target=\"_blank\" rel=\"noreferrer noopener\">Simon Kjaer<\/a>, capit\u00e1n de la selecci\u00f3n de <strong>Dinamarca<\/strong> \u2014y el mismo que lanz\u00f3 el saque de manos a <strong>Eriksen<\/strong>\u2014, se apresur\u00f3 a socorrerlo y detuvo su lengua, a la vez que solicitaba el ingreso inmediato de las asistencias. Algo terrible suced\u00eda ah\u00ed, los jugadores de ambas escuadras se llevaban las manos a la cara, a la cabeza, se jalaban los cabellos, se apretaban los labios y las barbillas.\u00a0<\/p>\r\n<p><iframe loading=\"lazy\" title=\"cristian eriksen fell because of a heart attack in competition euro 2021\" width=\"758\" height=\"426\" src=\"https:\/\/www.youtube.com\/embed\/thkN-SrzAPc?feature=oembed\" frameborder=\"0\" allow=\"accelerometer; autoplay; clipboard-write; encrypted-media; gyroscope; picture-in-picture; web-share\" referrerpolicy=\"strict-origin-when-cross-origin\" allowfullscreen><\/iframe><\/p>\r\n<p>Tras los doctores de la selecci\u00f3n de <strong>Dinamarca<\/strong>, enseguida llegaron los param\u00e9dicos de la <strong>UEFA<\/strong>. Le dieron masaje cardiaco y s\u00f3lo con el desfibrilador pudieron revivirlo. <strong>Christian Eriksen<\/strong> resucit\u00f3, le devolvieron la vida, los signos vitales, el aliento. Volvi\u00f3 como muchos volvemos en esos sue\u00f1os en los que morimos, de los que despertamos incluso con taquicardia.\u00a0<\/p>\r\n\r\n\r\n\r\n<p>El partido tambi\u00e9n se detuvo. El <strong>Parken Stadion<\/strong> de <strong>Copenhague<\/strong> qued\u00f3 en suspenso por dos horas. Los aficionados permanecieron en sus butacas y la grada finlandesa comenz\u00f3 a corear espont\u00e1neamente el nombre de <strong>Christian<\/strong>. Acto seguido, los locales respondieron desde su tribuna con el apellido de su n\u00famero 10: \u00ab\u00a1Erikseeen!\u00bb. Unos y otros lloraban, se conmov\u00edan y se abrazaban sin mirar el color de las camisetas.\u00a0<\/p>\r\n<p><iframe loading=\"lazy\" title=\"Denmark and Finland fans chant Christian Eriksen&#039;s name\" width=\"758\" height=\"426\" src=\"https:\/\/www.youtube.com\/embed\/VkWN2Y-x38c?feature=oembed\" frameborder=\"0\" allow=\"accelerometer; autoplay; clipboard-write; encrypted-media; gyroscope; picture-in-picture; web-share\" referrerpolicy=\"strict-origin-when-cross-origin\" allowfullscreen><\/iframe><\/p>\r\n<p>Si algo nos acerca a nuestra humanidad, eso es la muerte. Morir, al igual que nacer, son los dos instantes que nos hacen exactamente iguales a todos, los que nos hermanan, los que nos reconectan, los que nos permiten concentrarnos en lo importante y no en las rivalidades o las victorias. Por eso, cuando brotan en nosotros sentimientos que nos hacen sentir vivos, o que desfallecemos, nos entendemos y nos regocijamos de pertenecer al colectivo, porque entonces recordamos qui\u00e9nes somos, aunque la memoria no nos permita evocar de d\u00f3nde venimos ni a d\u00f3nde vamos.\u00a0<\/p>\r\n\r\n\r\n\r\n\r\n\r\n<p>Ahora no estoy seguro de c\u00f3mo quisiera morirme. \u00bfY usted? \u00bfDe un momento a otro o preferir\u00eda tener tiempo para despedirse, para pedir disculpas, para depurar el celular, los archivos, para decirle a los suyos cu\u00e1nto los quiere y que pronuncien su nombre mientras lo despiden con c\u00e1nticos y su m\u00fasica favorita?\u00a0<\/p>\r\n\r\n\r\n\r\n<p>Nada m\u00e1s hay que tomar en cuenta que la vida no formula este tipo de preguntas, sino que directamente nos pone las situaciones enfrente. As\u00ed que, al despertar, preg\u00fantese: \u00bfSi hoy llegara mi d\u00eda, me ir\u00eda sin nada planeado o con todo previsto?\u00a0<\/p>\r\n\r\n\r\n\r\n<p>Nunca se sabe la hora y no siempre resucitamos.\u00a0<\/p>\r\n<p><div class=\"sbi-embed-wrap\"><blockquote class=\"instagram-media sbi-embed\" data-instgrm-captioned data-instgrm-permalink=\"https:\/\/www.instagram.com\/p\/CQIbbREAXo5\/?utm_source=ig_embed&amp;utm_campaign=loading\" data-instgrm-version=\"14\" style=\" background:#FFF; border:0; border-radius:3px; box-shadow:0 0 1px 0 rgba(0,0,0,0.5),0 1px 10px 0 rgba(0,0,0,0.15); margin: 1px; max-width:658px; min-width:326px; padding:0; width:99.375%; width:-webkit-calc(100% - 2px); width:calc(100% - 2px);\"><div style=\"padding:16px;\"> <a href=\"https:\/\/www.instagram.com\/p\/CQIbbREAXo5\/?utm_source=ig_embed&amp;utm_campaign=loading\" style=\" background:#FFFFFF; line-height:0; padding:0 0; text-align:center; text-decoration:none; width:100%;\" target=\"_blank\"> <div style=\" display: flex; flex-direction: row; align-items: center;\"> <div style=\"background-color: #F4F4F4; border-radius: 50%; flex-grow: 0; height: 40px; margin-right: 14px; width: 40px;\"><\/div> <div style=\"display: flex; flex-direction: column; flex-grow: 1; justify-content: center;\"> <div style=\" background-color: #F4F4F4; border-radius: 4px; flex-grow: 0; height: 14px; margin-bottom: 6px; width: 100px;\"><\/div> <div style=\" background-color: #F4F4F4; border-radius: 4px; flex-grow: 0; height: 14px; width: 60px;\"><\/div><\/div><\/div><div style=\"padding: 19% 0;\"><\/div> <div style=\"display:block; height:50px; margin:0 auto 12px; width:50px;\"><svg width=\"50px\" height=\"50px\" viewBox=\"0 0 60 60\" version=\"1.1\" xmlns=\"https:\/\/www.w3.org\/2000\/svg\" xmlns:xlink=\"https:\/\/www.w3.org\/1999\/xlink\"><g stroke=\"none\" stroke-width=\"1\" fill=\"none\" fill-rule=\"evenodd\"><g transform=\"translate(-511.000000, -20.000000)\" fill=\"#000000\"><g><path d=\"M556.869,30.41 C554.814,30.41 553.148,32.076 553.148,34.131 C553.148,36.186 554.814,37.852 556.869,37.852 C558.924,37.852 560.59,36.186 560.59,34.131 C560.59,32.076 558.924,30.41 556.869,30.41 M541,60.657 C535.114,60.657 530.342,55.887 530.342,50 C530.342,44.114 535.114,39.342 541,39.342 C546.887,39.342 551.658,44.114 551.658,50 C551.658,55.887 546.887,60.657 541,60.657 M541,33.886 C532.1,33.886 524.886,41.1 524.886,50 C524.886,58.899 532.1,66.113 541,66.113 C549.9,66.113 557.115,58.899 557.115,50 C557.115,41.1 549.9,33.886 541,33.886 M565.378,62.101 C565.244,65.022 564.756,66.606 564.346,67.663 C563.803,69.06 563.154,70.057 562.106,71.106 C561.058,72.155 560.06,72.803 558.662,73.347 C557.607,73.757 556.021,74.244 553.102,74.378 C549.944,74.521 548.997,74.552 541,74.552 C533.003,74.552 532.056,74.521 528.898,74.378 C525.979,74.244 524.393,73.757 523.338,73.347 C521.94,72.803 520.942,72.155 519.894,71.106 C518.846,70.057 518.197,69.06 517.654,67.663 C517.244,66.606 516.755,65.022 516.623,62.101 C516.479,58.943 516.448,57.996 516.448,50 C516.448,42.003 516.479,41.056 516.623,37.899 C516.755,34.978 517.244,33.391 517.654,32.338 C518.197,30.938 518.846,29.942 519.894,28.894 C520.942,27.846 521.94,27.196 523.338,26.654 C524.393,26.244 525.979,25.756 528.898,25.623 C532.057,25.479 533.004,25.448 541,25.448 C548.997,25.448 549.943,25.479 553.102,25.623 C556.021,25.756 557.607,26.244 558.662,26.654 C560.06,27.196 561.058,27.846 562.106,28.894 C563.154,29.942 563.803,30.938 564.346,32.338 C564.756,33.391 565.244,34.978 565.378,37.899 C565.522,41.056 565.552,42.003 565.552,50 C565.552,57.996 565.522,58.943 565.378,62.101 M570.82,37.631 C570.674,34.438 570.167,32.258 569.425,30.349 C568.659,28.377 567.633,26.702 565.965,25.035 C564.297,23.368 562.623,22.342 560.652,21.575 C558.743,20.834 556.562,20.326 553.369,20.18 C550.169,20.033 549.148,20 541,20 C532.853,20 531.831,20.033 528.631,20.18 C525.438,20.326 523.257,20.834 521.349,21.575 C519.376,22.342 517.703,23.368 516.035,25.035 C514.368,26.702 513.342,28.377 512.574,30.349 C511.834,32.258 511.326,34.438 511.181,37.631 C511.035,40.831 511,41.851 511,50 C511,58.147 511.035,59.17 511.181,62.369 C511.326,65.562 511.834,67.743 512.574,69.651 C513.342,71.625 514.368,73.296 516.035,74.965 C517.703,76.634 519.376,77.658 521.349,78.425 C523.257,79.167 525.438,79.673 528.631,79.82 C531.831,79.965 532.853,80.001 541,80.001 C549.148,80.001 550.169,79.965 553.369,79.82 C556.562,79.673 558.743,79.167 560.652,78.425 C562.623,77.658 564.297,76.634 565.965,74.965 C567.633,73.296 568.659,71.625 569.425,69.651 C570.167,67.743 570.674,65.562 570.82,62.369 C570.966,59.17 571,58.147 571,50 C571,41.851 570.966,40.831 570.82,37.631\"><\/path><\/g><\/g><\/g><\/svg><\/div><div style=\"padding-top: 8px;\"> <div style=\" color:#3897f0; font-family:Arial,sans-serif; font-size:14px; font-style:normal; font-weight:550; line-height:18px;\">View this post on Instagram<\/div><\/div><div style=\"padding: 12.5% 0;\"><\/div> <div style=\"display: flex; flex-direction: row; margin-bottom: 14px; align-items: center;\"><div> <div style=\"background-color: #F4F4F4; border-radius: 50%; height: 12.5px; width: 12.5px; transform: translateX(0px) translateY(7px);\"><\/div> <div style=\"background-color: #F4F4F4; height: 12.5px; transform: rotate(-45deg) translateX(3px) translateY(1px); width: 12.5px; flex-grow: 0; margin-right: 14px; margin-left: 2px;\"><\/div> <div style=\"background-color: #F4F4F4; border-radius: 50%; height: 12.5px; width: 12.5px; transform: translateX(9px) translateY(-18px);\"><\/div><\/div><div style=\"margin-left: 8px;\"> <div style=\" background-color: #F4F4F4; border-radius: 50%; flex-grow: 0; height: 20px; width: 20px;\"><\/div> <div style=\" width: 0; height: 0; border-top: 2px solid transparent; border-left: 6px solid #f4f4f4; border-bottom: 2px solid transparent; transform: translateX(16px) translateY(-4px) rotate(30deg)\"><\/div><\/div><div style=\"margin-left: auto;\"> <div style=\" width: 0px; border-top: 8px solid #F4F4F4; border-right: 8px solid transparent; transform: translateY(16px);\"><\/div> <div style=\" background-color: #F4F4F4; flex-grow: 0; height: 12px; width: 16px; transform: translateY(-4px);\"><\/div> <div style=\" width: 0; height: 0; border-top: 8px solid #F4F4F4; border-left: 8px solid transparent; transform: translateY(-4px) translateX(8px);\"><\/div><\/div><\/div> <div style=\"display: flex; flex-direction: column; flex-grow: 1; justify-content: center; margin-bottom: 24px;\"> <div style=\" background-color: #F4F4F4; border-radius: 4px; flex-grow: 0; height: 14px; margin-bottom: 6px; width: 224px;\"><\/div> <div style=\" background-color: #F4F4F4; border-radius: 4px; flex-grow: 0; height: 14px; width: 144px;\"><\/div><\/div><\/a><p style=\" color:#c9c8cd; font-family:Arial,sans-serif; font-size:14px; line-height:17px; margin-bottom:0; margin-top:8px; overflow:hidden; padding:8px 0 7px; text-align:center; text-overflow:ellipsis; white-space:nowrap;\"><a href=\"https:\/\/www.instagram.com\/p\/CQIbbREAXo5\/?utm_source=ig_embed&amp;utm_campaign=loading\" style=\" color:#c9c8cd; font-family:Arial,sans-serif; font-size:14px; font-style:normal; font-weight:normal; line-height:17px; text-decoration:none;\" target=\"_blank\">A post shared by Christian Eriksen (@chriseriksen8)<\/a><\/p><\/div><\/blockquote><script async src=\"\/\/platform.instagram.com\/en_US\/embeds.js\"><\/script><\/div><\/p>\r\n<p>&nbsp;<\/p>\r\n<p>Estoy en\u00a0<a href=\"https:\/\/twitter.com\/FJKoloffon\">Twitter<\/a>,\u00a0<a href=\"https:\/\/www.facebook.com\/FJKoloffon\/\">FB<\/a>\u00a0e\u00a0<a href=\"https:\/\/www.instagram.com\/fjkoloffon\/?hl=es-la\">IG<\/a>\u00a0como @FJKoloffon. Y trabajo en\u00a0<a href=\"http:\/\/lanoveleria.com\/\">La Noveler\u00eda<\/a> y en <a href=\"http:\/\/koloffoneureka.com\" target=\"_blank\" rel=\"noreferrer noopener\">Koloffon Eureka<\/a>.<\/p>\r\n\r\n\r\n\r\n<p><a href=\"https:\/\/www.eluniversal.com.mx\/opinion\/fj-koloffon\/la-muerte-subita-de-christian-eriksen-o-como-le-gustaria-usted-morirse\" target=\"_blank\" rel=\"noreferrer noopener\">Columna publicada en\u00a0el peri\u00f3dico El\u00a0Universal<\/a>.<\/p>\r\n\r\n\r\n\r\n<figure class=\"wp-block-image size-large\"><img loading=\"lazy\" decoding=\"async\" width=\"905\" height=\"1024\" class=\"wp-image-2220\" src=\"https:\/\/fjkoloffon.com\/anotaciones\/wp-content\/uploads\/2021\/06\/LaMuerteSubitadeChristianEriksenOComoLeGustariaAUstedMorirse_140621-905x1024.jpg\" alt=\"\" srcset=\"https:\/\/fjkoloffon.com\/anotaciones\/wp-content\/uploads\/2021\/06\/LaMuerteSubitadeChristianEriksenOComoLeGustariaAUstedMorirse_140621-905x1024.jpg 905w, https:\/\/fjkoloffon.com\/anotaciones\/wp-content\/uploads\/2021\/06\/LaMuerteSubitadeChristianEriksenOComoLeGustariaAUstedMorirse_140621-265x300.jpg 265w, https:\/\/fjkoloffon.com\/anotaciones\/wp-content\/uploads\/2021\/06\/LaMuerteSubitadeChristianEriksenOComoLeGustariaAUstedMorirse_140621-768x869.jpg 768w, https:\/\/fjkoloffon.com\/anotaciones\/wp-content\/uploads\/2021\/06\/LaMuerteSubitadeChristianEriksenOComoLeGustariaAUstedMorirse_140621.jpg 1242w\" sizes=\"auto, (max-width: 905px) 100vw, 905px\" \/><\/figure>\r\n\r\n\r\n\r\n<p>&nbsp;<\/p>\r\n","protected":false},"excerpt":{"rendered":"<p>Hace algunos a\u00f1os, cuando me cuestionaba c\u00f3mo me gustar\u00eda morir, ten\u00eda claro que de forma repentina, s\u00fabitamente, sin ning\u00fan sufrimiento. Morir as\u00ed, sin previo aviso,&hellip;<\/p>\n","protected":false},"author":4,"featured_media":2221,"comment_status":"open","ping_status":"open","sticky":false,"template":"","format":"standard","meta":{"footnotes":""},"categories":[1],"tags":[1234,1243,1237,1238,1240,1241,1239,7,346,900,284,796,797,1236,1025,1242,814],"class_list":["post-2215","post","type-post","status-publish","format-standard","has-post-thumbnail","hentry","category-anotaciones-de-un-astronauta-terrestre","tag-christian-eriksen","tag-colectivo-social","tag-desvanecimiento","tag-dinamarca","tag-euro","tag-eurocopa","tag-finlandia","tag-fj-koloffon","tag-futbol","tag-la-muerte","tag-la-vida","tag-morir","tag-muerte","tag-muerte-subita","tag-recuerdos","tag-simon-kjaer","tag-vivir"],"yoast_head":"<!-- This site is optimized with the Yoast SEO Premium plugin v26.7 (Yoast SEO v26.9) - https:\/\/yoast.com\/product\/yoast-seo-premium-wordpress\/ -->\n<title>La muerte s\u00fabita de Christian Eriksen (o \u00bfC\u00f3mo le gustar\u00eda a usted morir?&quot;) | Por F.J. Koloffon<\/title>\n<meta name=\"description\" content=\"\u00bfC\u00f3mo quisiera morirse? \u00bfDe un momento a otro o preferir\u00eda tener tiempo para despedirse, para pedir disculpas, para depurar el celular?...\" \/>\n<meta name=\"robots\" content=\"index, follow, max-snippet:-1, max-image-preview:large, max-video-preview:-1\" \/>\n<link rel=\"canonical\" href=\"https:\/\/fjkoloffon.com\/anotaciones\/la-muerte-subita-de-christian-eriksen\/\" \/>\n<meta property=\"og:locale\" content=\"es_ES\" \/>\n<meta property=\"og:type\" content=\"article\" \/>\n<meta property=\"og:title\" content=\"La muerte s\u00fabita de Christian Eriksen (o &quot;\u00bfC\u00f3mo le gustar\u00eda a usted morirse?\u201d)\" \/>\n<meta property=\"og:description\" content=\"\u00bfC\u00f3mo quisiera morirse? \u00bfDe un momento a otro o preferir\u00eda tener tiempo para despedirse, para pedir disculpas, para depurar el celular?...\" \/>\n<meta property=\"og:url\" content=\"https:\/\/fjkoloffon.com\/anotaciones\/la-muerte-subita-de-christian-eriksen\/\" \/>\n<meta property=\"og:site_name\" content=\"FJ KOLOFFON\" \/>\n<meta property=\"article:published_time\" content=\"2021-06-14T06:20:00+00:00\" \/>\n<meta property=\"article:modified_time\" content=\"2025-05-10T06:40:16+00:00\" \/>\n<meta property=\"og:image\" content=\"https:\/\/fjkoloffon.com\/anotaciones\/wp-content\/uploads\/2021\/06\/Captura-de-Pantalla-2021-06-21-a-las-2.04.08-e1624259159462.png\" \/>\n\t<meta property=\"og:image:width\" content=\"642\" \/>\n\t<meta property=\"og:image:height\" content=\"663\" \/>\n\t<meta property=\"og:image:type\" content=\"image\/png\" \/>\n<meta name=\"author\" content=\"FJ Koloffon\" \/>\n<meta name=\"twitter:card\" content=\"summary_large_image\" \/>\n<meta name=\"twitter:label1\" content=\"Escrito por\" \/>\n\t<meta name=\"twitter:data1\" content=\"FJ Koloffon\" \/>\n\t<meta name=\"twitter:label2\" content=\"Tiempo de lectura\" \/>\n\t<meta name=\"twitter:data2\" content=\"3 minutos\" \/>\n<script type=\"application\/ld+json\" class=\"yoast-schema-graph\">{\"@context\":\"https:\/\/schema.org\",\"@graph\":[{\"@type\":\"Article\",\"@id\":\"https:\/\/fjkoloffon.com\/anotaciones\/la-muerte-subita-de-christian-eriksen\/#article\",\"isPartOf\":{\"@id\":\"https:\/\/fjkoloffon.com\/anotaciones\/la-muerte-subita-de-christian-eriksen\/\"},\"author\":{\"name\":\"FJ Koloffon\",\"@id\":\"https:\/\/fjkoloffon.com\/anotaciones\/#\/schema\/person\/05a3249caf755c4976a5f7aea8d86742\"},\"headline\":\"La muerte s\u00fabita de Christian Eriksen (o \u00ab\u00bfC\u00f3mo le gustar\u00eda a usted morirse?\u201d)\",\"datePublished\":\"2021-06-14T06:20:00+00:00\",\"dateModified\":\"2025-05-10T06:40:16+00:00\",\"mainEntityOfPage\":{\"@id\":\"https:\/\/fjkoloffon.com\/anotaciones\/la-muerte-subita-de-christian-eriksen\/\"},\"wordCount\":650,\"commentCount\":0,\"image\":{\"@id\":\"https:\/\/fjkoloffon.com\/anotaciones\/la-muerte-subita-de-christian-eriksen\/#primaryimage\"},\"thumbnailUrl\":\"https:\/\/fjkoloffon.com\/anotaciones\/wp-content\/uploads\/2021\/06\/Captura-de-Pantalla-2021-06-21-a-las-2.04.08-e1624259159462.png\",\"keywords\":[\"Christian Eriksen\",\"colectivo social\",\"desvanecimiento\",\"Dinamarca\",\"Euro\",\"Eurocopa\",\"Finlandia\",\"FJ Koloffon\",\"Futbol\",\"la muerte\",\"La vida\",\"morir\",\"muerte\",\"muerte s\u00fabita\",\"recuerdos\",\"Simon Kjaer\",\"vivir\"],\"articleSection\":[\"Anotaciones de un astronauta terrestre\"],\"inLanguage\":\"es\",\"potentialAction\":[{\"@type\":\"CommentAction\",\"name\":\"Comment\",\"target\":[\"https:\/\/fjkoloffon.com\/anotaciones\/la-muerte-subita-de-christian-eriksen\/#respond\"]}]},{\"@type\":\"WebPage\",\"@id\":\"https:\/\/fjkoloffon.com\/anotaciones\/la-muerte-subita-de-christian-eriksen\/\",\"url\":\"https:\/\/fjkoloffon.com\/anotaciones\/la-muerte-subita-de-christian-eriksen\/\",\"name\":\"La muerte s\u00fabita de Christian Eriksen (o \u00bfC\u00f3mo le gustar\u00eda a usted morir?\\\") | Por F.J. Koloffon\",\"isPartOf\":{\"@id\":\"https:\/\/fjkoloffon.com\/anotaciones\/#website\"},\"primaryImageOfPage\":{\"@id\":\"https:\/\/fjkoloffon.com\/anotaciones\/la-muerte-subita-de-christian-eriksen\/#primaryimage\"},\"image\":{\"@id\":\"https:\/\/fjkoloffon.com\/anotaciones\/la-muerte-subita-de-christian-eriksen\/#primaryimage\"},\"thumbnailUrl\":\"https:\/\/fjkoloffon.com\/anotaciones\/wp-content\/uploads\/2021\/06\/Captura-de-Pantalla-2021-06-21-a-las-2.04.08-e1624259159462.png\",\"datePublished\":\"2021-06-14T06:20:00+00:00\",\"dateModified\":\"2025-05-10T06:40:16+00:00\",\"author\":{\"@id\":\"https:\/\/fjkoloffon.com\/anotaciones\/#\/schema\/person\/05a3249caf755c4976a5f7aea8d86742\"},\"description\":\"\u00bfC\u00f3mo quisiera morirse? \u00bfDe un momento a otro o preferir\u00eda tener tiempo para despedirse, para pedir disculpas, para depurar el celular?...\",\"breadcrumb\":{\"@id\":\"https:\/\/fjkoloffon.com\/anotaciones\/la-muerte-subita-de-christian-eriksen\/#breadcrumb\"},\"inLanguage\":\"es\",\"potentialAction\":[{\"@type\":\"ReadAction\",\"target\":[\"https:\/\/fjkoloffon.com\/anotaciones\/la-muerte-subita-de-christian-eriksen\/\"]}]},{\"@type\":\"ImageObject\",\"inLanguage\":\"es\",\"@id\":\"https:\/\/fjkoloffon.com\/anotaciones\/la-muerte-subita-de-christian-eriksen\/#primaryimage\",\"url\":\"https:\/\/fjkoloffon.com\/anotaciones\/wp-content\/uploads\/2021\/06\/Captura-de-Pantalla-2021-06-21-a-las-2.04.08-e1624259159462.png\",\"contentUrl\":\"https:\/\/fjkoloffon.com\/anotaciones\/wp-content\/uploads\/2021\/06\/Captura-de-Pantalla-2021-06-21-a-las-2.04.08-e1624259159462.png\",\"width\":642,\"height\":663},{\"@type\":\"BreadcrumbList\",\"@id\":\"https:\/\/fjkoloffon.com\/anotaciones\/la-muerte-subita-de-christian-eriksen\/#breadcrumb\",\"itemListElement\":[{\"@type\":\"ListItem\",\"position\":1,\"name\":\"Portada\",\"item\":\"https:\/\/fjkoloffon.com\/anotaciones\/\"},{\"@type\":\"ListItem\",\"position\":2,\"name\":\"La muerte s\u00fabita de Christian Eriksen (o \u00ab\u00bfC\u00f3mo le gustar\u00eda a usted morirse?\u201d)\"}]},{\"@type\":\"WebSite\",\"@id\":\"https:\/\/fjkoloffon.com\/anotaciones\/#website\",\"url\":\"https:\/\/fjkoloffon.com\/anotaciones\/\",\"name\":\"FJ KOLOFFON\",\"description\":\"ANOTACIONES DE UN ASTRONAUTA TERRESTRE\",\"potentialAction\":[{\"@type\":\"SearchAction\",\"target\":{\"@type\":\"EntryPoint\",\"urlTemplate\":\"https:\/\/fjkoloffon.com\/anotaciones\/?s={search_term_string}\"},\"query-input\":{\"@type\":\"PropertyValueSpecification\",\"valueRequired\":true,\"valueName\":\"search_term_string\"}}],\"inLanguage\":\"es\"},{\"@type\":\"Person\",\"@id\":\"https:\/\/fjkoloffon.com\/anotaciones\/#\/schema\/person\/05a3249caf755c4976a5f7aea8d86742\",\"name\":\"FJ Koloffon\",\"image\":{\"@type\":\"ImageObject\",\"inLanguage\":\"es\",\"@id\":\"https:\/\/fjkoloffon.com\/anotaciones\/#\/schema\/person\/image\/\",\"url\":\"https:\/\/fjkoloffon.com\/anotaciones\/wp-content\/uploads\/2019\/04\/fjkoloffon-bio-2-150x150.png\",\"contentUrl\":\"https:\/\/fjkoloffon.com\/anotaciones\/wp-content\/uploads\/2019\/04\/fjkoloffon-bio-2-150x150.png\",\"caption\":\"FJ Koloffon\"},\"sameAs\":[\"http:\/\/fjkoloffon.com\"]}]}<\/script>\n<!-- \/ Yoast SEO Premium plugin. -->","yoast_head_json":{"title":"La muerte s\u00fabita de Christian Eriksen (o \u00bfC\u00f3mo le gustar\u00eda a usted morir?\") | Por F.J. Koloffon","description":"\u00bfC\u00f3mo quisiera morirse? \u00bfDe un momento a otro o preferir\u00eda tener tiempo para despedirse, para pedir disculpas, para depurar el celular?...","robots":{"index":"index","follow":"follow","max-snippet":"max-snippet:-1","max-image-preview":"max-image-preview:large","max-video-preview":"max-video-preview:-1"},"canonical":"https:\/\/fjkoloffon.com\/anotaciones\/la-muerte-subita-de-christian-eriksen\/","og_locale":"es_ES","og_type":"article","og_title":"La muerte s\u00fabita de Christian Eriksen (o \"\u00bfC\u00f3mo le gustar\u00eda a usted morirse?\u201d)","og_description":"\u00bfC\u00f3mo quisiera morirse? \u00bfDe un momento a otro o preferir\u00eda tener tiempo para despedirse, para pedir disculpas, para depurar el celular?...","og_url":"https:\/\/fjkoloffon.com\/anotaciones\/la-muerte-subita-de-christian-eriksen\/","og_site_name":"FJ KOLOFFON","article_published_time":"2021-06-14T06:20:00+00:00","article_modified_time":"2025-05-10T06:40:16+00:00","og_image":[{"width":642,"height":663,"url":"https:\/\/fjkoloffon.com\/anotaciones\/wp-content\/uploads\/2021\/06\/Captura-de-Pantalla-2021-06-21-a-las-2.04.08-e1624259159462.png","type":"image\/png"}],"author":"FJ Koloffon","twitter_card":"summary_large_image","twitter_misc":{"Escrito por":"FJ Koloffon","Tiempo de lectura":"3 minutos"},"schema":{"@context":"https:\/\/schema.org","@graph":[{"@type":"Article","@id":"https:\/\/fjkoloffon.com\/anotaciones\/la-muerte-subita-de-christian-eriksen\/#article","isPartOf":{"@id":"https:\/\/fjkoloffon.com\/anotaciones\/la-muerte-subita-de-christian-eriksen\/"},"author":{"name":"FJ Koloffon","@id":"https:\/\/fjkoloffon.com\/anotaciones\/#\/schema\/person\/05a3249caf755c4976a5f7aea8d86742"},"headline":"La muerte s\u00fabita de Christian Eriksen (o \u00ab\u00bfC\u00f3mo le gustar\u00eda a usted morirse?\u201d)","datePublished":"2021-06-14T06:20:00+00:00","dateModified":"2025-05-10T06:40:16+00:00","mainEntityOfPage":{"@id":"https:\/\/fjkoloffon.com\/anotaciones\/la-muerte-subita-de-christian-eriksen\/"},"wordCount":650,"commentCount":0,"image":{"@id":"https:\/\/fjkoloffon.com\/anotaciones\/la-muerte-subita-de-christian-eriksen\/#primaryimage"},"thumbnailUrl":"https:\/\/fjkoloffon.com\/anotaciones\/wp-content\/uploads\/2021\/06\/Captura-de-Pantalla-2021-06-21-a-las-2.04.08-e1624259159462.png","keywords":["Christian Eriksen","colectivo social","desvanecimiento","Dinamarca","Euro","Eurocopa","Finlandia","FJ Koloffon","Futbol","la muerte","La vida","morir","muerte","muerte s\u00fabita","recuerdos","Simon Kjaer","vivir"],"articleSection":["Anotaciones de un astronauta terrestre"],"inLanguage":"es","potentialAction":[{"@type":"CommentAction","name":"Comment","target":["https:\/\/fjkoloffon.com\/anotaciones\/la-muerte-subita-de-christian-eriksen\/#respond"]}]},{"@type":"WebPage","@id":"https:\/\/fjkoloffon.com\/anotaciones\/la-muerte-subita-de-christian-eriksen\/","url":"https:\/\/fjkoloffon.com\/anotaciones\/la-muerte-subita-de-christian-eriksen\/","name":"La muerte s\u00fabita de Christian Eriksen (o \u00bfC\u00f3mo le gustar\u00eda a usted morir?\") | Por F.J. Koloffon","isPartOf":{"@id":"https:\/\/fjkoloffon.com\/anotaciones\/#website"},"primaryImageOfPage":{"@id":"https:\/\/fjkoloffon.com\/anotaciones\/la-muerte-subita-de-christian-eriksen\/#primaryimage"},"image":{"@id":"https:\/\/fjkoloffon.com\/anotaciones\/la-muerte-subita-de-christian-eriksen\/#primaryimage"},"thumbnailUrl":"https:\/\/fjkoloffon.com\/anotaciones\/wp-content\/uploads\/2021\/06\/Captura-de-Pantalla-2021-06-21-a-las-2.04.08-e1624259159462.png","datePublished":"2021-06-14T06:20:00+00:00","dateModified":"2025-05-10T06:40:16+00:00","author":{"@id":"https:\/\/fjkoloffon.com\/anotaciones\/#\/schema\/person\/05a3249caf755c4976a5f7aea8d86742"},"description":"\u00bfC\u00f3mo quisiera morirse? \u00bfDe un momento a otro o preferir\u00eda tener tiempo para despedirse, para pedir disculpas, para depurar el celular?...","breadcrumb":{"@id":"https:\/\/fjkoloffon.com\/anotaciones\/la-muerte-subita-de-christian-eriksen\/#breadcrumb"},"inLanguage":"es","potentialAction":[{"@type":"ReadAction","target":["https:\/\/fjkoloffon.com\/anotaciones\/la-muerte-subita-de-christian-eriksen\/"]}]},{"@type":"ImageObject","inLanguage":"es","@id":"https:\/\/fjkoloffon.com\/anotaciones\/la-muerte-subita-de-christian-eriksen\/#primaryimage","url":"https:\/\/fjkoloffon.com\/anotaciones\/wp-content\/uploads\/2021\/06\/Captura-de-Pantalla-2021-06-21-a-las-2.04.08-e1624259159462.png","contentUrl":"https:\/\/fjkoloffon.com\/anotaciones\/wp-content\/uploads\/2021\/06\/Captura-de-Pantalla-2021-06-21-a-las-2.04.08-e1624259159462.png","width":642,"height":663},{"@type":"BreadcrumbList","@id":"https:\/\/fjkoloffon.com\/anotaciones\/la-muerte-subita-de-christian-eriksen\/#breadcrumb","itemListElement":[{"@type":"ListItem","position":1,"name":"Portada","item":"https:\/\/fjkoloffon.com\/anotaciones\/"},{"@type":"ListItem","position":2,"name":"La muerte s\u00fabita de Christian Eriksen (o \u00ab\u00bfC\u00f3mo le gustar\u00eda a usted morirse?\u201d)"}]},{"@type":"WebSite","@id":"https:\/\/fjkoloffon.com\/anotaciones\/#website","url":"https:\/\/fjkoloffon.com\/anotaciones\/","name":"FJ KOLOFFON","description":"ANOTACIONES DE UN ASTRONAUTA TERRESTRE","potentialAction":[{"@type":"SearchAction","target":{"@type":"EntryPoint","urlTemplate":"https:\/\/fjkoloffon.com\/anotaciones\/?s={search_term_string}"},"query-input":{"@type":"PropertyValueSpecification","valueRequired":true,"valueName":"search_term_string"}}],"inLanguage":"es"},{"@type":"Person","@id":"https:\/\/fjkoloffon.com\/anotaciones\/#\/schema\/person\/05a3249caf755c4976a5f7aea8d86742","name":"FJ Koloffon","image":{"@type":"ImageObject","inLanguage":"es","@id":"https:\/\/fjkoloffon.com\/anotaciones\/#\/schema\/person\/image\/","url":"https:\/\/fjkoloffon.com\/anotaciones\/wp-content\/uploads\/2019\/04\/fjkoloffon-bio-2-150x150.png","contentUrl":"https:\/\/fjkoloffon.com\/anotaciones\/wp-content\/uploads\/2019\/04\/fjkoloffon-bio-2-150x150.png","caption":"FJ Koloffon"},"sameAs":["http:\/\/fjkoloffon.com"]}]}},"_links":{"self":[{"href":"https:\/\/fjkoloffon.com\/anotaciones\/wp-json\/wp\/v2\/posts\/2215","targetHints":{"allow":["GET"]}}],"collection":[{"href":"https:\/\/fjkoloffon.com\/anotaciones\/wp-json\/wp\/v2\/posts"}],"about":[{"href":"https:\/\/fjkoloffon.com\/anotaciones\/wp-json\/wp\/v2\/types\/post"}],"author":[{"embeddable":true,"href":"https:\/\/fjkoloffon.com\/anotaciones\/wp-json\/wp\/v2\/users\/4"}],"replies":[{"embeddable":true,"href":"https:\/\/fjkoloffon.com\/anotaciones\/wp-json\/wp\/v2\/comments?post=2215"}],"version-history":[{"count":6,"href":"https:\/\/fjkoloffon.com\/anotaciones\/wp-json\/wp\/v2\/posts\/2215\/revisions"}],"predecessor-version":[{"id":2877,"href":"https:\/\/fjkoloffon.com\/anotaciones\/wp-json\/wp\/v2\/posts\/2215\/revisions\/2877"}],"wp:featuredmedia":[{"embeddable":true,"href":"https:\/\/fjkoloffon.com\/anotaciones\/wp-json\/wp\/v2\/media\/2221"}],"wp:attachment":[{"href":"https:\/\/fjkoloffon.com\/anotaciones\/wp-json\/wp\/v2\/media?parent=2215"}],"wp:term":[{"taxonomy":"category","embeddable":true,"href":"https:\/\/fjkoloffon.com\/anotaciones\/wp-json\/wp\/v2\/categories?post=2215"},{"taxonomy":"post_tag","embeddable":true,"href":"https:\/\/fjkoloffon.com\/anotaciones\/wp-json\/wp\/v2\/tags?post=2215"}],"curies":[{"name":"wp","href":"https:\/\/api.w.org\/{rel}","templated":true}]}}